{"id":66547,"date":"2020-10-01T18:05:29","date_gmt":"2020-10-01T18:05:29","guid":{"rendered":"https:\/\/radiostargjilan.com\/web\/?p=66547"},"modified":"2020-10-01T18:05:29","modified_gmt":"2020-10-01T18:05:29","slug":"arrestohen-22-persona-te-dyshuar-per-perfshirje-ne-aktivitete-kriminale","status":"publish","type":"post","link":"https:\/\/radiostargjilan.com\/web\/arrestohen-22-persona-te-dyshuar-per-perfshirje-ne-aktivitete-kriminale\/","title":{"rendered":"Arrestohen 22 persona t\u00eb dyshuar p\u00ebr p\u00ebrfshirje n\u00eb aktivitete kriminale"},"content":{"rendered":"<p>Prokuroria Themelore n\u00eb Gjilan, ka mbajtur konferenc\u00eb p\u00ebr media, lidhur me aksionin e zhvilluar sot, n\u00eb bashk\u00ebpunim dhe koordinim me Policin\u00eb e Kosov\u00ebs, Inspektoratin Policor t\u00eb Kosov\u00ebs dhe agjencit\u00eb e tjera t\u00eb zbatimit t\u00eb ligjit, n\u00eb disa rajone t\u00eb Kosov\u00ebs, p\u00ebrfshir\u00eb rajonin e Gjilanit, Ferizajt, Prizrenit, Podujev\u00ebs, Pej\u00ebs, Suharek\u00ebs dhe Vitis\u00eb.<\/p>\n<p>Ky aksion ka qen\u00eb  vazhdim\u00ebsi e operacionit t\u00eb zhvilluar m\u00eb 18 Shtator 2020, n\u00eb zon\u00ebn e Kara\u00e7ev\u00ebs dhe rajone tjera, i cili ka rezultuar me 37 persona t\u00eb ndaluar.<\/p>\n<p>Operacioni i sotsh\u00ebm \u00ebsht\u00eb zhvilluar p\u00ebr shkak t\u00eb dyshimeve t\u00eb bazuara se n\u00eb lokacionet e lartcekura jan\u00eb zhvilluar veprimtari kriminale, p\u00ebrfshir\u00eb kontrabandimin me mallra, v\u00ebnien n\u00eb qarkullim t\u00eb artikujve t\u00eb d\u00ebmsh\u00ebm ushqimor, blerjen, pranimin ose fshehjen e sendeve t\u00eb p\u00ebrfituara me kryerjen e vepr\u00ebs penale dhe organizimin e skemave piramidale dhe bixhozit t\u00eb paligjsh\u00ebm.<\/p>\n<p>Si rezultat i aksionit t\u00eb sotsh\u00ebm jan\u00eb ndaluar gjithsej 22 persona t\u00eb dyshuar, n\u00eb koh\u00ebzgjatje prej 48 or\u00ebve, t\u00eb cil\u00ebt dyshohet se jan\u00eb p\u00ebrfshir\u00eb n\u00eb aktivitete kriminale, ndaj t\u00eb cil\u00ebve brenda afatit ligjor do t\u00eb k\u00ebrkohen masat p\u00ebr sigurimin e t\u00eb pandehurve n\u00eb procedur\u00eb penale, nga Gjykata kompetente n\u00eb Gjilan.<\/p>\n<p>Gjat\u00eb ekzekutimit t\u00eb urdh\u00ebrkontrolleve, n\u00eb 11 lokacione q\u00eb lidhen me subjekte ekonomike dhe 17 lokacione q\u00eb lidhen me persona fizik, jan\u00eb sekuestruar sasi e konsiderueshme e gjedheve, arm\u00ebve, sendeve dhe artikujve t\u00eb d\u00ebmsh\u00ebm ushqimor, mjete q\u00eb kan\u00eb sh\u00ebrbyer p\u00ebr kryerjen e veprave penale, si dhe prova tjera q\u00eb do t\u00eb sh\u00ebrbejn\u00eb n\u00eb procedur\u00eb t\u00eb m\u00ebtejme penale.<\/p>\n<p>Nd\u00ebrsa, numri i personave t\u00eb ndaluar q\u00eb nga fillimi i k\u00ebtij aksioni ka shkuar n\u00eb 59.<\/p>\n<p>Prokuroria Themelore n\u00eb Gjilan, n\u00eb koordinim dhe bashk\u00ebpunim me Policin\u00eb e Kosov\u00ebs dhe Inspektoratin Policor t\u00eb Kosov\u00ebs, do t\u00eb vazhdojn\u00eb t\u00eb nd\u00ebrmarrin t\u00eb gjitha veprimet e nevojshme hetimore lidhur me rastin.<\/p>\n","protected":false},"excerpt":{"rendered":"<p>Prokuroria Themelore n\u00eb Gjilan, ka mbajtur konferenc\u00eb p\u00ebr media, lidhur me aksionin e zhvilluar sot, n\u00eb bashk\u00ebpunim dhe koordinim me Policin\u00eb e Kosov\u00ebs, Inspektoratin Policor t\u00eb Kosov\u00ebs dhe agjencit\u00eb e tjera t\u00eb zbatimit t\u00eb ligjit, n\u00eb disa rajone t\u00eb Kosov\u00ebs, p\u00ebrfshir\u00eb rajonin e Gjilanit, Ferizajt, Prizrenit, Podujev\u00ebs, Pej\u00ebs, Suharek\u00ebs dhe Vitis\u00eb. Ky aksion ka qen\u00eb [&hellip;]<\/p>\n","protected":false},"author":1,"featured_media":66548,"comment_status":"closed","ping_status":"closed","sticky":false,"template":"","format":"standard","meta":{"footnotes":""},"categories":[5],"tags":[],"class_list":{"0":"post-66547","1":"post","2":"type-post","3":"status-publish","4":"format-standard","5":"has-post-thumbnail","7":"category-lajme"},"_links":{"self":[{"href":"https:\/\/radiostargjilan.com\/web\/wp-json\/wp\/v2\/posts\/66547","targetHints":{"allow":["GET"]}}],"collection":[{"href":"https:\/\/radiostargjilan.com\/web\/wp-json\/wp\/v2\/posts"}],"about":[{"href":"https:\/\/radiostargjilan.com\/web\/wp-json\/wp\/v2\/types\/post"}],"author":[{"embeddable":true,"href":"https:\/\/radiostargjilan.com\/web\/wp-json\/wp\/v2\/users\/1"}],"replies":[{"embeddable":true,"href":"https:\/\/radiostargjilan.com\/web\/wp-json\/wp\/v2\/comments?post=66547"}],"version-history":[{"count":0,"href":"https:\/\/radiostargjilan.com\/web\/wp-json\/wp\/v2\/posts\/66547\/revisions"}],"wp:featuredmedia":[{"embeddable":true,"href":"https:\/\/radiostargjilan.com\/web\/wp-json\/wp\/v2\/media\/66548"}],"wp:attachment":[{"href":"https:\/\/radiostargjilan.com\/web\/wp-json\/wp\/v2\/media?parent=66547"}],"wp:term":[{"taxonomy":"category","embeddable":true,"href":"https:\/\/radiostargjilan.com\/web\/wp-json\/wp\/v2\/categories?post=66547"},{"taxonomy":"post_tag","embeddable":true,"href":"https:\/\/radiostargjilan.com\/web\/wp-json\/wp\/v2\/tags?post=66547"}],"curies":[{"name":"wp","href":"https:\/\/api.w.org\/{rel}","templated":true}]}}