{"id":67298,"date":"2020-10-17T10:36:53","date_gmt":"2020-10-17T10:36:53","guid":{"rendered":"https:\/\/radiostargjilan.com\/web\/?p=67298"},"modified":"2020-10-17T10:36:53","modified_gmt":"2020-10-17T10:36:53","slug":"vdes-edhe-familjari-i-katert-ne-aksidentin-e-rende-ne-gjermani","status":"publish","type":"post","link":"https:\/\/radiostargjilan.com\/web\/vdes-edhe-familjari-i-katert-ne-aksidentin-e-rende-ne-gjermani\/","title":{"rendered":"Vdes edhe familjari i kat\u00ebrt n\u00eb aksidentin e r\u00ebnd\u00eb n\u00eb Gjermani"},"content":{"rendered":"<p>Kryediplomatja e Kosov\u00ebs, Meliza Haradinaj-Stublla, ka njoftuar para pak \u00e7astesh se ka vdekur edhe personi i kat\u00ebrt i familjes Krasniqi nga Ferizaj, t\u00eb cil\u00ebt mbr\u00ebm\u00eb u p\u00ebrfshin\u00eb n\u00eb nj\u00eb aksident n\u00eb Gjermani teksa po udh\u00ebtonin drejt Zvicr\u00ebs. Lajmin ajo e ka publikuar n\u00eb rrjetin social n\u00eb &#8220;Facebook&#8221;. <\/p>\n<p>Njoftimi i plot\u00eb:<\/p>\n<p>Ambasada e Republik\u00ebs s\u00eb Kosov\u00ebs n\u00eb Gjermani kan\u00eb njoftuar q\u00eb sot ka nd\u00ebrruar jet\u00eb edhe shqiptari i kat\u00ebrt n\u00eb aksidentin e r\u00ebnd\u00eb n\u00eb Landin e Baden W\u00fcrttemberg.<\/p>\n<p>N\u00eb k\u00ebto \u00e7aste t\u00eb v\u00ebshtira p\u00ebr t\u00eb gjith\u00eb ne ku p\u00ebr vet\u00ebm nj\u00eb jav\u00eb u shuan tragjikisht 6 jet\u00ebra t\u00eb bashk\u00ebatdhetar\u00ebve tan\u00eb, shprehim pik\u00ebllimin e thell\u00eb p\u00ebr t\u00eb gjitha tragjedit\u00eb e tmerrshme q\u00eb r\u00ebnduan fatin e diaspor\u00ebs son\u00eb sidomos jav\u00ebn e fundit, duke u shprehur ngush\u00ebllimet e sinqerta n\u00eb em\u00ebr t\u00eb Ministris\u00eb s\u00eb Pun\u00ebve t\u00eb Jashtme dhe Diaspor\u00ebs t\u00eb Republik\u00ebs s\u00eb Kosov\u00ebs.<\/p>\n<p>Duke qen\u00eb t\u00eb vet\u00ebdijsh\u00ebm q\u00eb jeta n\u00eb m\u00ebrgim nuk \u00ebsht\u00eb e leht\u00eb, dua t\u00eb shpreh\u00eb mir\u00ebnjohjen time t\u00eb thell\u00eb p\u00ebr t\u00eb gjith\u00eb bashk\u00ebkomb\u00ebsit tan\u00eb n\u00eb diaspor\u00eb q\u00eb nuk e harruan asnj\u00ebher\u00eb gjakun, atdheun, dhe kombin, dhe k\u00ebshtu mbesin pjes\u00eb e pandashme e jona, pavar\u00ebsisht se ku ndodhen fizikisht.<\/p>\n<p>MPJD dhe misionet e saj diplomatike e konsullore jan\u00eb n\u00eb kontakt t\u00eb vazhduesh\u00ebm me autoritetet e shteteve prit\u00ebse dhe n\u00eb sh\u00ebrbim t\u00eb qytetar\u00ebve tan\u00eb kudo.<\/p>\n","protected":false},"excerpt":{"rendered":"<p>Kryediplomatja e Kosov\u00ebs, Meliza Haradinaj-Stublla, ka njoftuar para pak \u00e7astesh se ka vdekur edhe personi i kat\u00ebrt i familjes Krasniqi nga Ferizaj, t\u00eb cil\u00ebt mbr\u00ebm\u00eb u p\u00ebrfshin\u00eb n\u00eb nj\u00eb aksident n\u00eb Gjermani teksa po udh\u00ebtonin drejt Zvicr\u00ebs. Lajmin ajo e ka publikuar n\u00eb rrjetin social n\u00eb &#8220;Facebook&#8221;. Njoftimi i plot\u00eb: Ambasada e Republik\u00ebs s\u00eb Kosov\u00ebs [&hellip;]<\/p>\n","protected":false},"author":1,"featured_media":67299,"comment_status":"closed","ping_status":"closed","sticky":false,"template":"","format":"standard","meta":{"footnotes":""},"categories":[5],"tags":[],"class_list":{"0":"post-67298","1":"post","2":"type-post","3":"status-publish","4":"format-standard","5":"has-post-thumbnail","7":"category-lajme"},"_links":{"self":[{"href":"https:\/\/radiostargjilan.com\/web\/wp-json\/wp\/v2\/posts\/67298","targetHints":{"allow":["GET"]}}],"collection":[{"href":"https:\/\/radiostargjilan.com\/web\/wp-json\/wp\/v2\/posts"}],"about":[{"href":"https:\/\/radiostargjilan.com\/web\/wp-json\/wp\/v2\/types\/post"}],"author":[{"embeddable":true,"href":"https:\/\/radiostargjilan.com\/web\/wp-json\/wp\/v2\/users\/1"}],"replies":[{"embeddable":true,"href":"https:\/\/radiostargjilan.com\/web\/wp-json\/wp\/v2\/comments?post=67298"}],"version-history":[{"count":0,"href":"https:\/\/radiostargjilan.com\/web\/wp-json\/wp\/v2\/posts\/67298\/revisions"}],"wp:featuredmedia":[{"embeddable":true,"href":"https:\/\/radiostargjilan.com\/web\/wp-json\/wp\/v2\/media\/67299"}],"wp:attachment":[{"href":"https:\/\/radiostargjilan.com\/web\/wp-json\/wp\/v2\/media?parent=67298"}],"wp:term":[{"taxonomy":"category","embeddable":true,"href":"https:\/\/radiostargjilan.com\/web\/wp-json\/wp\/v2\/categories?post=67298"},{"taxonomy":"post_tag","embeddable":true,"href":"https:\/\/radiostargjilan.com\/web\/wp-json\/wp\/v2\/tags?post=67298"}],"curies":[{"name":"wp","href":"https:\/\/api.w.org\/{rel}","templated":true}]}}