{"id":67459,"date":"2020-10-20T18:34:29","date_gmt":"2020-10-20T18:34:29","guid":{"rendered":"https:\/\/radiostargjilan.com\/web\/?p=67459"},"modified":"2020-10-20T19:11:53","modified_gmt":"2020-10-20T19:11:53","slug":"gani-neziri-nuk-e-mohon-kadidaturen-per-te-parin-e-gjilanit","status":"publish","type":"post","link":"https:\/\/radiostargjilan.com\/web\/gani-neziri-nuk-e-mohon-kadidaturen-per-te-parin-e-gjilanit\/","title":{"rendered":"Gani Neziri nuk e mohon kadidatur\u00ebn p\u00ebr t\u00eb parin e Gjilanit"},"content":{"rendered":"<p>Burime brenda PDK-s\u00eb, para disa dite kishin raportuar se Qemajl Mustafa do t\u00eb jet\u00eb kandidat p\u00ebr t\u00eb parin e Gjilanit, por n\u00eb nj\u00eb reagim Gani Neziri ka th\u00ebn\u00eb se ende nuk \u00ebsht\u00eb p\u00ebrcaktuar kandidati p\u00ebr t\u00eb parin e Gjilanit dhe se nuk e mohon kandidatur\u00ebn e tij p\u00ebr zgjedhje komunale,duke i hedhur posht\u00eb burimet brenda PDK-s\u00eb lidhje me lajmin rreth kandidatur\u00ebs s\u00eb Qemajl Mustaf\u00ebs.<\/p>\n<p>Reagimi i Gani Nezirit:<\/p>\n<p>Reagim rreth lajmit t\u00eb paverifikuar p\u00ebr nominimin e kandidatit t\u00eb PDK-s\u00eb p\u00ebr Kryetar Komune n\u00eb Gjilan, nga portali i lajmeve t\u00eb \u201cRadioStar\u201d i mb\u00ebshtetur n\u00eb nj\u00eb informat\u00eb anonime<\/p>\n<p>TRAMPOLIN\u00cb POLITIKE P\u00cbR T\u2019I DH\u00cbN\u00cb KAHJE V\u00cbMENDJES S\u00cb QYTETAR\u00cbVE<\/p>\n<p>N\u00eb fakt, informata ka nj\u00eb pjes\u00eb t\u00eb sakt\u00ebsis\u00eb n\u00eb p\u00ebrmbajtjen e saj. Por, nuk ishte vet\u00ebm kaq, kishte edhe di\u00e7ka m\u00eb shum\u00eb.<br \/>\n\u00cbsht\u00eb e v\u00ebrtet\u00eb se Kryetari i PDK-s\u00eb z.Kadri Veseli n\u00eb prezenc\u00ebn e gjasht\u00eb t\u00eb ftuarve \u201cspecial\u201d nga dega e Gjilanit p\u00ebrmendi emrin konkret p\u00ebr nominim, por, kjo nuk \u00ebsht\u00eb e t\u00ebra.<br \/>\nAty u fol edhe m\u00eb shum\u00eb se kaq. Aty kishte kund\u00ebrshti lidhur me nominimin. Madje, asnj\u00ebri nga t\u00eb pranishmit nuk i dha mb\u00ebshtetje k\u00ebti nominimi. Ama, bash asnj\u00ebri nga t\u00eb gjashtit q\u00eb ishim prezent.<\/p>\n<p>Prandaj, ky \u201cnominim\u201d nuk \u00ebsht\u00eb fjala e fundit n\u00eb politik\u00eb dhe si i till\u00eb nuk do t\u00eb duhej t\u00eb merrte dhen\u00eb.<br \/>\nE them\u00eb k\u00ebt\u00eb me p\u00ebrgjegj\u00ebsi morale dhe politike, sepse, nj\u00ebri nga t\u00eb ftuarit \u201cspecial\u201d isha edhe un\u00eb q\u00eb nuk dua t\u00eb mbetem anonim.<\/p>\n<p>Kryetari Veseli do t\u00eb vazhdoj\u00eb me konsultime n\u00eb deg\u00ebn e Gjilanit p\u00ebr t\u00eb zgjidhur k\u00ebt\u00eb nyje politike p\u00ebr t\u2019mos ju l\u00ebn\u00eb vend \u201cburimeve anonime\u201d t\u00eb cilat p\u00ebrdoren si trampolin\u00eb politike p\u00ebr t\u2019i dh\u00ebn\u00eb kahje v\u00ebmendjes s\u00eb qytetar\u00ebve, respektivisht, aktivist\u00ebve politik t\u00eb deg\u00ebs s\u00eb PDK-s\u00eb n\u00eb Gjilan.<br \/>\nKjo form\u00eb e dh\u00ebnies kahje p\u00ebr ta \u201cz\u00ebn\u00eb rendin\u201d, tanim\u00eb \u00ebsht\u00eb e vjetruar n\u00eb rrafshin politik. N\u00ebse jo t\u00eb gjith\u00eb lexuesit, k\u00ebt\u00eb \u201cteknik\u00eb\u201d e kuptojn\u00eb mir\u00eb ata q\u00eb kan\u00eb p\u00ebrvoj\u00eb n\u00eb politik\u00eb.<br \/>\nK\u00ebshtu q\u00eb, e lus \u201cRadio Star-in\u201d t\u00eb mos mb\u00ebshtese nj\u00ebansh\u00ebm nj\u00eb kandidat n\u00eb raport me kandidatin tjet\u00ebr \u201ct\u00eb mundsh\u00ebm\u201d q\u00eb isha un\u00eb, Gani Neziri!<\/p>\n<p>Ps. \u00c7do reagimi eventual ndaj k\u00ebtij shkrimi (jo anonim) do t\u2019i p\u00ebrgjigjem me detaje konkrete t\u00eb takimit.<\/p>\n","protected":false},"excerpt":{"rendered":"<p>Burime brenda PDK-s\u00eb, para disa dite kishin raportuar se Qemajl Mustafa do t\u00eb jet\u00eb kandidat p\u00ebr t\u00eb parin e Gjilanit, por n\u00eb nj\u00eb reagim Gani Neziri ka th\u00ebn\u00eb se ende nuk \u00ebsht\u00eb p\u00ebrcaktuar kandidati p\u00ebr t\u00eb parin e Gjilanit dhe se nuk e mohon kandidatur\u00ebn e tij p\u00ebr zgjedhje komunale,duke i hedhur posht\u00eb burimet brenda [&hellip;]<\/p>\n","protected":false},"author":1,"featured_media":67446,"comment_status":"closed","ping_status":"closed","sticky":false,"template":"","format":"standard","meta":{"footnotes":""},"categories":[5],"tags":[],"class_list":{"0":"post-67459","1":"post","2":"type-post","3":"status-publish","4":"format-standard","5":"has-post-thumbnail","7":"category-lajme"},"_links":{"self":[{"href":"https:\/\/radiostargjilan.com\/web\/wp-json\/wp\/v2\/posts\/67459","targetHints":{"allow":["GET"]}}],"collection":[{"href":"https:\/\/radiostargjilan.com\/web\/wp-json\/wp\/v2\/posts"}],"about":[{"href":"https:\/\/radiostargjilan.com\/web\/wp-json\/wp\/v2\/types\/post"}],"author":[{"embeddable":true,"href":"https:\/\/radiostargjilan.com\/web\/wp-json\/wp\/v2\/users\/1"}],"replies":[{"embeddable":true,"href":"https:\/\/radiostargjilan.com\/web\/wp-json\/wp\/v2\/comments?post=67459"}],"version-history":[{"count":0,"href":"https:\/\/radiostargjilan.com\/web\/wp-json\/wp\/v2\/posts\/67459\/revisions"}],"wp:featuredmedia":[{"embeddable":true,"href":"https:\/\/radiostargjilan.com\/web\/wp-json\/wp\/v2\/media\/67446"}],"wp:attachment":[{"href":"https:\/\/radiostargjilan.com\/web\/wp-json\/wp\/v2\/media?parent=67459"}],"wp:term":[{"taxonomy":"category","embeddable":true,"href":"https:\/\/radiostargjilan.com\/web\/wp-json\/wp\/v2\/categories?post=67459"},{"taxonomy":"post_tag","embeddable":true,"href":"https:\/\/radiostargjilan.com\/web\/wp-json\/wp\/v2\/tags?post=67459"}],"curies":[{"name":"wp","href":"https:\/\/api.w.org\/{rel}","templated":true}]}}