{"id":67466,"date":"2020-10-20T19:21:50","date_gmt":"2020-10-20T19:21:50","guid":{"rendered":"https:\/\/radiostargjilan.com\/web\/?p=67466"},"modified":"2020-10-20T19:21:50","modified_gmt":"2020-10-20T19:21:50","slug":"obsh-paralajmeron-se-muajt-e-dimrit-do-te-jene-te-veshtire-ne-luften-kunder-covid-19","status":"publish","type":"post","link":"https:\/\/radiostargjilan.com\/web\/obsh-paralajmeron-se-muajt-e-dimrit-do-te-jene-te-veshtire-ne-luften-kunder-covid-19\/","title":{"rendered":"OBSH paralajm\u00ebron se muajt e dimrit do t\u00eb jen\u00eb t\u00eb v\u00ebshtir\u00eb n\u00eb luft\u00ebn kund\u00ebr COVID-19"},"content":{"rendered":"<p>Drejtori i P\u00ebrgjithsh\u00ebm i Organizat\u00ebs Bot\u00ebrore t\u00eb Sh\u00ebndet\u00ebsis\u00eb (OBSH), Tedros Adhanom Ghebreyesus b\u00ebri t\u00eb ditur se \u201cdwhisa muaj do t\u00eb jen\u00eb t\u00eb v\u00ebshtira kur t\u00eb vij\u00eb dimri\u201d.<\/p>\n<p>Ghebreyesus, n\u00eb nj\u00eb konferenc\u00ebn p\u00ebr shtyp t\u00eb mbajtur n\u00eb selin\u00eb e OBSH-s\u00eb n\u00eb Gjenev\u00eb, me an\u00eb t\u00eb videokonferenc\u00ebs, deklaroi se epidemia \u201chyri n\u00eb nj\u00eb faz\u00eb alarmante\u201d.<\/p>\n<p>\u201cNd\u00ebrsa hemisfera veriore hyn n\u00eb dim\u00ebr, ne shohim q\u00eb rastet po rriten me shpejt\u00ebsi, ve\u00e7an\u00ebrisht n\u00eb Evrop\u00eb dhe Amerik\u00ebn e Veriut. Ne e dim\u00eb se disa muaj do t\u00eb jen\u00eb t\u00eb v\u00ebshtira kur t\u00eb vij\u00eb dimri\u201d, b\u00ebri t\u00eb ditur Ghebreyesus.<\/p>\n<p>Duke v\u00ebn\u00eb n\u00eb dukje se ai \u00ebsht\u00eb i k\u00ebnaqur me masat e marra nga udh\u00ebheq\u00ebsit e shum\u00eb vendeve p\u00ebr t\u00eb ngadal\u00ebsuar p\u00ebrhapjen e virusit dhe p\u00ebr t\u00eb mbrojtur punonj\u00ebsit e kujdesit sh\u00ebndet\u00ebsor dhe sistemet sh\u00ebndet\u00ebsore, Ghebreyesus tha: \u201cSot infermier\u00ebt dhe mjek\u00ebt din\u00eb se si t\u00eb kujdesen m\u00eb mir\u00eb p\u00ebr pacient\u00ebt e infektuar sesa n\u00eb dit\u00ebt e para t\u00eb epidemis\u00eb. Sidoqoft\u00eb, kur kapaciteti spitalor t\u00eb arrihet dhe tejkalohet, do t\u00eb krijohet nj\u00eb situat\u00eb shum\u00eb e v\u00ebshtir\u00eb dhe e rrezikshme si p\u00ebr pacient\u00ebt ashtu edhe p\u00ebr profesionist\u00ebt e kujdesit sh\u00ebndet\u00ebsor. Prandaj, \u00ebsht\u00eb e r\u00ebnd\u00ebsishme q\u00eb t\u00eb gjitha qeverit\u00eb t\u00eb p\u00ebrqendrohen n\u00eb bazat themelore p\u00ebr t\u00eb ndihmuar n\u00eb thyerjen e zinxhir\u00ebve t\u00eb transmetimit dhe p\u00ebr t\u00eb shp\u00ebtuar jet\u00ebn dhe jetes\u00ebn\u201d.<\/p>\n<p>Drejtori i P\u00ebrgjithsh\u00ebm i OBSH-s\u00eb vuri n\u00eb dukje se parimet themelore n\u00eb fjal\u00eb jan\u00eb zbulimi i rasteve aktive, hulumtimi i grupeve n\u00eb rajone ku virusi \u00ebsht\u00eb i zakonsh\u00ebm, izolimi i t\u00eb gjitha rasteve, karantina e kontakteve, kujdesi i mir\u00eb klinik, mb\u00ebshtetja dhe mbrojtja e profesionist\u00ebve t\u00eb kujdesit sh\u00ebndet\u00ebsor.<\/p>\n","protected":false},"excerpt":{"rendered":"<p>Drejtori i P\u00ebrgjithsh\u00ebm i Organizat\u00ebs Bot\u00ebrore t\u00eb Sh\u00ebndet\u00ebsis\u00eb (OBSH), Tedros Adhanom Ghebreyesus b\u00ebri t\u00eb ditur se \u201cdwhisa muaj do t\u00eb jen\u00eb t\u00eb v\u00ebshtira kur t\u00eb vij\u00eb dimri\u201d. Ghebreyesus, n\u00eb nj\u00eb konferenc\u00ebn p\u00ebr shtyp t\u00eb mbajtur n\u00eb selin\u00eb e OBSH-s\u00eb n\u00eb Gjenev\u00eb, me an\u00eb t\u00eb videokonferenc\u00ebs, deklaroi se epidemia \u201chyri n\u00eb nj\u00eb faz\u00eb alarmante\u201d. \u201cNd\u00ebrsa hemisfera [&hellip;]<\/p>\n","protected":false},"author":1,"featured_media":67467,"comment_status":"closed","ping_status":"closed","sticky":false,"template":"","format":"standard","meta":{"footnotes":""},"categories":[5],"tags":[],"class_list":{"0":"post-67466","1":"post","2":"type-post","3":"status-publish","4":"format-standard","5":"has-post-thumbnail","7":"category-lajme"},"_links":{"self":[{"href":"https:\/\/radiostargjilan.com\/web\/wp-json\/wp\/v2\/posts\/67466","targetHints":{"allow":["GET"]}}],"collection":[{"href":"https:\/\/radiostargjilan.com\/web\/wp-json\/wp\/v2\/posts"}],"about":[{"href":"https:\/\/radiostargjilan.com\/web\/wp-json\/wp\/v2\/types\/post"}],"author":[{"embeddable":true,"href":"https:\/\/radiostargjilan.com\/web\/wp-json\/wp\/v2\/users\/1"}],"replies":[{"embeddable":true,"href":"https:\/\/radiostargjilan.com\/web\/wp-json\/wp\/v2\/comments?post=67466"}],"version-history":[{"count":0,"href":"https:\/\/radiostargjilan.com\/web\/wp-json\/wp\/v2\/posts\/67466\/revisions"}],"wp:featuredmedia":[{"embeddable":true,"href":"https:\/\/radiostargjilan.com\/web\/wp-json\/wp\/v2\/media\/67467"}],"wp:attachment":[{"href":"https:\/\/radiostargjilan.com\/web\/wp-json\/wp\/v2\/media?parent=67466"}],"wp:term":[{"taxonomy":"category","embeddable":true,"href":"https:\/\/radiostargjilan.com\/web\/wp-json\/wp\/v2\/categories?post=67466"},{"taxonomy":"post_tag","embeddable":true,"href":"https:\/\/radiostargjilan.com\/web\/wp-json\/wp\/v2\/tags?post=67466"}],"curies":[{"name":"wp","href":"https:\/\/api.w.org\/{rel}","templated":true}]}}