{"id":67506,"date":"2020-10-21T17:50:23","date_gmt":"2020-10-21T17:50:23","guid":{"rendered":"https:\/\/radiostargjilan.com\/web\/?p=67506"},"modified":"2020-10-21T17:50:23","modified_gmt":"2020-10-21T17:50:23","slug":"bajrami-deklarohet-serish-kushdo-qe-vjedh-qofte-edhe-nje-euro-do-te-perfundoje-ne-burg","status":"publish","type":"post","link":"https:\/\/radiostargjilan.com\/web\/bajrami-deklarohet-serish-kushdo-qe-vjedh-qofte-edhe-nje-euro-do-te-perfundoje-ne-burg\/","title":{"rendered":"Bajrami deklarohet s\u00ebrish: Kushdo q\u00eb vjedh qoft\u00eb edhe nj\u00eb euro do t\u00eb p\u00ebrfundoj\u00eb n\u00eb burg"},"content":{"rendered":"<p>Ministrja e Financave, Hykmete Bajrami, pos konferenc\u00ebs p\u00ebr media \u00ebsht\u00eb deklaruar s\u00ebrish pas vjedhjes s\u00eb mbi dy milion\u00eb eurove nga Thesari i Kosov\u00ebs.<\/p>\n<p>Bajrami paralajm\u00ebroi se do t\u00eb d\u00ebnohen me burg t\u00eb gjith\u00eb ata q\u00eb keqp\u00ebrdorin parat\u00eb e buxhetit t\u00eb Kosov\u00ebs.<\/p>\n<p>N\u00ebp\u00ebrmjet nj\u00eb postimi n\u00eb rrjetin social Facebook, Bajrami ka b\u00ebr\u00eb t\u00eb ditur se do t\u00eb verifikohet past\u00ebrtia e secilit zyrtar me pozit\u00eb t\u00eb ndjeshme n\u00eb Ministrin\u00eb e Financave, njofton Klan Kosova<\/p>\n<p>Bajrami mes tjerash konfirmoi se kat\u00ebr transaksione t\u00eb dyshimta kan\u00eb ndodhur n\u00eb Thesarin e Kosov\u00ebs me rastin e \u2018avullimit\u2019 t\u00eb m\u00eb shum\u00eb se dy milion\u00eb eurove dhe se nj\u00ebri nga t\u00eb dyshuarit \u00ebsht\u00eb arrestuar dhe dy persona t\u00eb tjer\u00eb ndodhen n\u00eb arrati.<\/p>\n<p>Postimi i plot\u00eb i Bajramit:<\/p>\n<p>Kushdo q\u00eb vjedh \u2013 qoft\u00eb edhe nj\u00eb euro \u2013 duhet t\u00eb p\u00ebrfundoj\u00eb n\u00eb burg dhe t\u00eb jap\u00eb llogari para ligjit, para popullit dhe para Zotit.<\/p>\n<p>E sqarova edhe sot n\u00eb konferenc\u00ebn p\u00ebr media se kat\u00ebr transaksione t\u00eb dyshimta kan\u00eb ndodhur n\u00eb Thesarin e Republik\u00ebs. Nj\u00ebri nga t\u00eb dyshuarit p\u00ebr k\u00ebto transaksione \u00ebsht\u00eb arrestuar. Dy tjet\u00ebr jan\u00eb n\u00eb arrati. T\u00eb gjitha institucionet jan\u00eb v\u00ebn\u00eb n\u00eb ndjekje t\u00eb keqp\u00ebrdoruesve. Rasti do t\u00eb zbardhet dhe besoj se organet e hetuesis\u00eb dhe drejt\u00ebsis\u00eb do t\u2019i d\u00ebnojn\u00eb me d\u00ebnime kapitale kushdo q\u00eb \u00ebsht\u00eb i p\u00ebrfshir\u00eb n\u00eb k\u00ebt\u00eb rast.<\/p>\n<p>N\u00eb k\u00ebt\u00eb situat\u00eb po e mendoj vet\u00ebm nj\u00eb opsion: LUFTIMIN E HAJNAVE, KUDOQOFSHIN, KUSHDOQOFSHIN dhe t\u00eb KUJDOQFOSHIN.<\/p>\n<p>Do t\u00eb k\u00ebrkoj t\u00eb verifikohet edhe nj\u00eb her\u00eb past\u00ebrtia e secilit zyrtar me pozit\u00eb t\u00eb ndjeshme n\u00eb Ministrin\u00eb e Financave.<\/p>\n","protected":false},"excerpt":{"rendered":"<p>Ministrja e Financave, Hykmete Bajrami, pos konferenc\u00ebs p\u00ebr media \u00ebsht\u00eb deklaruar s\u00ebrish pas vjedhjes s\u00eb mbi dy milion\u00eb eurove nga Thesari i Kosov\u00ebs. Bajrami paralajm\u00ebroi se do t\u00eb d\u00ebnohen me burg t\u00eb gjith\u00eb ata q\u00eb keqp\u00ebrdorin parat\u00eb e buxhetit t\u00eb Kosov\u00ebs. N\u00ebp\u00ebrmjet nj\u00eb postimi n\u00eb rrjetin social Facebook, Bajrami ka b\u00ebr\u00eb t\u00eb ditur se do [&hellip;]<\/p>\n","protected":false},"author":1,"featured_media":67507,"comment_status":"closed","ping_status":"closed","sticky":false,"template":"","format":"standard","meta":{"footnotes":""},"categories":[5],"tags":[],"class_list":{"0":"post-67506","1":"post","2":"type-post","3":"status-publish","4":"format-standard","5":"has-post-thumbnail","7":"category-lajme"},"_links":{"self":[{"href":"https:\/\/radiostargjilan.com\/web\/wp-json\/wp\/v2\/posts\/67506","targetHints":{"allow":["GET"]}}],"collection":[{"href":"https:\/\/radiostargjilan.com\/web\/wp-json\/wp\/v2\/posts"}],"about":[{"href":"https:\/\/radiostargjilan.com\/web\/wp-json\/wp\/v2\/types\/post"}],"author":[{"embeddable":true,"href":"https:\/\/radiostargjilan.com\/web\/wp-json\/wp\/v2\/users\/1"}],"replies":[{"embeddable":true,"href":"https:\/\/radiostargjilan.com\/web\/wp-json\/wp\/v2\/comments?post=67506"}],"version-history":[{"count":0,"href":"https:\/\/radiostargjilan.com\/web\/wp-json\/wp\/v2\/posts\/67506\/revisions"}],"wp:featuredmedia":[{"embeddable":true,"href":"https:\/\/radiostargjilan.com\/web\/wp-json\/wp\/v2\/media\/67507"}],"wp:attachment":[{"href":"https:\/\/radiostargjilan.com\/web\/wp-json\/wp\/v2\/media?parent=67506"}],"wp:term":[{"taxonomy":"category","embeddable":true,"href":"https:\/\/radiostargjilan.com\/web\/wp-json\/wp\/v2\/categories?post=67506"},{"taxonomy":"post_tag","embeddable":true,"href":"https:\/\/radiostargjilan.com\/web\/wp-json\/wp\/v2\/tags?post=67506"}],"curies":[{"name":"wp","href":"https:\/\/api.w.org\/{rel}","templated":true}]}}