{"id":67560,"date":"2020-10-22T15:00:06","date_gmt":"2020-10-22T15:00:06","guid":{"rendered":"https:\/\/radiostargjilan.com\/web\/?p=67560"},"modified":"2020-10-22T15:03:54","modified_gmt":"2020-10-22T15:03:54","slug":"rrenohet-ish-objekti-i-kombinatit-te-duhanit-ne-gjilan","status":"publish","type":"post","link":"https:\/\/radiostargjilan.com\/web\/rrenohet-ish-objekti-i-kombinatit-te-duhanit-ne-gjilan\/","title":{"rendered":"Rr\u00ebnohet ish-objekti i \u201cKombinatit t\u00eb Duhanit\u201d n\u00eb Gjilan"},"content":{"rendered":"<p>Gjiganti gjilanas, i njohur dikur si \u201cKombinati i Duhanit\u201d, ka nisur t\u00eb rr\u00ebnohet n\u00eb t\u00ebr\u00ebsi shkruan Radio Star.<\/p>\n<p>Sot ka filluar t\u00eb rr\u00ebnohet fabrika m\u00eb e madhe prodhuese e duhanit \u2018Kombinati i Duhanit\u201d n\u00eb Gjilan, e cila ishte shitur n\u00ebp\u00ebrmjet ankandit publik.<\/p>\n<p>Fabrik n\u00eb qytetin e Gjilanit e njohur n\u00eb tregun, si  &#8216;Kombinatit t\u00eb Duhanit, sot ka filluar t\u00eb rr\u00ebnohet, n\u00eb foto shihet se  m\u00eb nuk do t\u00eb egzistoj\u00eb si\u00e7 njihet \u2018Kombinati i Duhanit\u2019.<\/p>\n<p>Radio Star ka siguruar disa fotografi nga rr\u00ebnimi i \u2018Kombinatit t\u00eb Duhanit, n\u00eb Gjilan.<\/p>\n<p><img loading=\"lazy\" loading=\"lazy\" decoding=\"async\" src=\"https:\/\/radiostargjilan.com\/web\/wp-content\/uploads\/2020\/10\/5A73AFB7-248E-45A8-B59D-EC68E7BF504F.jpeg\" alt=\"\" width=\"2048\" height=\"1260\" class=\"aligncenter size-full wp-image-67556\" srcset=\"https:\/\/radiostargjilan.com\/web\/wp-content\/uploads\/2020\/10\/5A73AFB7-248E-45A8-B59D-EC68E7BF504F.jpeg 2048w, https:\/\/radiostargjilan.com\/web\/wp-content\/uploads\/2020\/10\/5A73AFB7-248E-45A8-B59D-EC68E7BF504F-300x185.jpeg 300w, https:\/\/radiostargjilan.com\/web\/wp-content\/uploads\/2020\/10\/5A73AFB7-248E-45A8-B59D-EC68E7BF504F-1024x630.jpeg 1024w, https:\/\/radiostargjilan.com\/web\/wp-content\/uploads\/2020\/10\/5A73AFB7-248E-45A8-B59D-EC68E7BF504F-768x473.jpeg 768w, https:\/\/radiostargjilan.com\/web\/wp-content\/uploads\/2020\/10\/5A73AFB7-248E-45A8-B59D-EC68E7BF504F-600x369.jpeg 600w, https:\/\/radiostargjilan.com\/web\/wp-content\/uploads\/2020\/10\/5A73AFB7-248E-45A8-B59D-EC68E7BF504F-1536x945.jpeg 1536w\" sizes=\"auto, (max-width: 2048px) 100vw, 2048px\" \/><\/p>\n<p><img loading=\"lazy\" loading=\"lazy\" decoding=\"async\" src=\"https:\/\/radiostargjilan.com\/web\/wp-content\/uploads\/2020\/10\/A93AA7C1-AFCC-41DE-88B2-2269E9A08076.jpeg\" alt=\"\" width=\"2048\" height=\"1290\" class=\"aligncenter size-full wp-image-67557\" srcset=\"https:\/\/radiostargjilan.com\/web\/wp-content\/uploads\/2020\/10\/A93AA7C1-AFCC-41DE-88B2-2269E9A08076.jpeg 2048w, https:\/\/radiostargjilan.com\/web\/wp-content\/uploads\/2020\/10\/A93AA7C1-AFCC-41DE-88B2-2269E9A08076-300x189.jpeg 300w, https:\/\/radiostargjilan.com\/web\/wp-content\/uploads\/2020\/10\/A93AA7C1-AFCC-41DE-88B2-2269E9A08076-1024x645.jpeg 1024w, https:\/\/radiostargjilan.com\/web\/wp-content\/uploads\/2020\/10\/A93AA7C1-AFCC-41DE-88B2-2269E9A08076-768x484.jpeg 768w, https:\/\/radiostargjilan.com\/web\/wp-content\/uploads\/2020\/10\/A93AA7C1-AFCC-41DE-88B2-2269E9A08076-600x378.jpeg 600w, https:\/\/radiostargjilan.com\/web\/wp-content\/uploads\/2020\/10\/A93AA7C1-AFCC-41DE-88B2-2269E9A08076-1536x968.jpeg 1536w\" sizes=\"auto, (max-width: 2048px) 100vw, 2048px\" \/><\/p>\n<p><img loading=\"lazy\" loading=\"lazy\" decoding=\"async\" src=\"https:\/\/radiostargjilan.com\/web\/wp-content\/uploads\/2020\/10\/74E0A70B-C79D-4494-B441-7084DEABF558.jpeg\" alt=\"\" width=\"2048\" height=\"1487\" class=\"aligncenter size-full wp-image-67558\" srcset=\"https:\/\/radiostargjilan.com\/web\/wp-content\/uploads\/2020\/10\/74E0A70B-C79D-4494-B441-7084DEABF558.jpeg 2048w, https:\/\/radiostargjilan.com\/web\/wp-content\/uploads\/2020\/10\/74E0A70B-C79D-4494-B441-7084DEABF558-300x218.jpeg 300w, https:\/\/radiostargjilan.com\/web\/wp-content\/uploads\/2020\/10\/74E0A70B-C79D-4494-B441-7084DEABF558-1024x744.jpeg 1024w, https:\/\/radiostargjilan.com\/web\/wp-content\/uploads\/2020\/10\/74E0A70B-C79D-4494-B441-7084DEABF558-768x558.jpeg 768w, https:\/\/radiostargjilan.com\/web\/wp-content\/uploads\/2020\/10\/74E0A70B-C79D-4494-B441-7084DEABF558-600x436.jpeg 600w, https:\/\/radiostargjilan.com\/web\/wp-content\/uploads\/2020\/10\/74E0A70B-C79D-4494-B441-7084DEABF558-1536x1115.jpeg 1536w\" sizes=\"auto, (max-width: 2048px) 100vw, 2048px\" \/><\/p>\n","protected":false},"excerpt":{"rendered":"<p>Gjiganti gjilanas, i njohur dikur si \u201cKombinati i Duhanit\u201d, ka nisur t\u00eb rr\u00ebnohet n\u00eb t\u00ebr\u00ebsi shkruan Radio Star. Sot ka filluar t\u00eb rr\u00ebnohet fabrika m\u00eb e madhe prodhuese e duhanit \u2018Kombinati i Duhanit\u201d n\u00eb Gjilan, e cila ishte shitur n\u00ebp\u00ebrmjet ankandit publik. Fabrik n\u00eb qytetin e Gjilanit e njohur n\u00eb tregun, si &#8216;Kombinatit t\u00eb Duhanit, [&hellip;]<\/p>\n","protected":false},"author":1,"featured_media":67558,"comment_status":"closed","ping_status":"closed","sticky":false,"template":"","format":"standard","meta":{"footnotes":""},"categories":[5],"tags":[],"class_list":{"0":"post-67560","1":"post","2":"type-post","3":"status-publish","4":"format-standard","5":"has-post-thumbnail","7":"category-lajme"},"_links":{"self":[{"href":"https:\/\/radiostargjilan.com\/web\/wp-json\/wp\/v2\/posts\/67560","targetHints":{"allow":["GET"]}}],"collection":[{"href":"https:\/\/radiostargjilan.com\/web\/wp-json\/wp\/v2\/posts"}],"about":[{"href":"https:\/\/radiostargjilan.com\/web\/wp-json\/wp\/v2\/types\/post"}],"author":[{"embeddable":true,"href":"https:\/\/radiostargjilan.com\/web\/wp-json\/wp\/v2\/users\/1"}],"replies":[{"embeddable":true,"href":"https:\/\/radiostargjilan.com\/web\/wp-json\/wp\/v2\/comments?post=67560"}],"version-history":[{"count":0,"href":"https:\/\/radiostargjilan.com\/web\/wp-json\/wp\/v2\/posts\/67560\/revisions"}],"wp:featuredmedia":[{"embeddable":true,"href":"https:\/\/radiostargjilan.com\/web\/wp-json\/wp\/v2\/media\/67558"}],"wp:attachment":[{"href":"https:\/\/radiostargjilan.com\/web\/wp-json\/wp\/v2\/media?parent=67560"}],"wp:term":[{"taxonomy":"category","embeddable":true,"href":"https:\/\/radiostargjilan.com\/web\/wp-json\/wp\/v2\/categories?post=67560"},{"taxonomy":"post_tag","embeddable":true,"href":"https:\/\/radiostargjilan.com\/web\/wp-json\/wp\/v2\/tags?post=67560"}],"curies":[{"name":"wp","href":"https:\/\/api.w.org\/{rel}","templated":true}]}}