{"id":68084,"date":"2020-10-31T11:48:27","date_gmt":"2020-10-31T11:48:27","guid":{"rendered":"https:\/\/radiostargjilan.com\/web\/?p=68084"},"modified":"2020-10-31T11:48:27","modified_gmt":"2020-10-31T11:48:27","slug":"paralajmerimi-per-masa-kufizuese-mergimtaret-leshojne-kosoven","status":"publish","type":"post","link":"https:\/\/radiostargjilan.com\/web\/paralajmerimi-per-masa-kufizuese-mergimtaret-leshojne-kosoven\/","title":{"rendered":"Paralajm\u00ebrimi p\u00ebr masa kufizuese, m\u00ebrgimtar\u00ebt l\u00ebshojn\u00eb Kosov\u00ebn"},"content":{"rendered":"<p>N\u00eb pik\u00ebn kuftiare t\u00eb Merdares p\u00ebr t\u00eb dal\u00eb nga Kosova, qytetar\u00ebt po presin deri n\u00eb 20 minuta, derisa kolona \u00ebsht\u00eb e gjat\u00eb deri n\u00eb 60 metra. Gjendja n\u00eb pikat tjera kufitare \u00ebsht\u00eb e qet\u00eb dhe nuk ka kolon\u00eb.<\/p>\n<p>Jav\u00eb m\u00eb par\u00eb nj\u00eb num\u00ebr i madh i bashk\u00ebatdhetar\u00ebve kan\u00eb arritur n\u00eb Kosov\u00eb nga Zvicra e Gjermania.<\/p>\n<p>Numri i madh i tyre n\u00eb Kosov\u00eb erdhi pas lirimit t\u00eb masave kund\u00ebr koronavirus, ku Zvicra n\u00eb jav\u00ebt e para t\u00eb tetorit kishte hequr Kosov\u00ebn nga lista e karantinimit.<\/p>\n<p>Nd\u00ebrkaq tash kur \u00ebsht\u00eb lajm\u00ebruar kufizimi i t\u00eb gjitha masave n\u00eb Europ\u00eb, si n\u00eb Gjermani, Zvic\u00ebr, Belgjik\u00eb e Holand\u00eb, bashk\u00ebatdhetar\u00ebt duket se jan\u00eb nisur n\u00eb drejtim t\u00eb k\u00ebtyre vendeve europiane.<\/p>\n<p>Paralajm\u00ebrim p\u00ebr kufizime ka b\u00ebr\u00eb edhe Ministria e Sh\u00ebndet\u00ebsis\u00eb n\u00eb Kosov\u00eb, ku pritet t\u00eb merren disa vendime p\u00ebr luftimin e p\u00ebrhapjes s\u00eb koronavirusit.<\/p>\n<p>Ministria e Pun\u00ebve t\u00eb Brendshme (MPB), konrektisht Qendra p\u00ebr Menaxhimin Kufitar, ka njoftuar se sot n\u00eb m\u00ebngjes n\u00eb nj\u00ebr\u00ebn nga pikat kufitare ka kolon\u00eb p\u00ebr n\u00eb dalje t\u00eb Kosov\u00ebs.<\/p>\n<p>B\u00ebhet fjal\u00eb p\u00ebr pik\u00ebn kufitare n\u00eb Merdare, atje pritjet jan\u00eb nga 15 deri 20 minuta p\u00ebr t\u00eb l\u00ebshuar vendin, derisa kolona \u00ebsht\u00eb e gjat\u00eb 60 metra.<\/p>\n<p>Gjendja n\u00eb pikat kufitare \u00ebsht\u00eb e qet\u00eb dhe hyrjet e daljet jan\u00eb nga 3 deri n\u00eb 5 minuta.<img loading=\"lazy\" loading=\"lazy\" decoding=\"async\" src=\"https:\/\/radiostargjilan.com\/web\/wp-content\/uploads\/2020\/10\/DA59AABF-0BF9-4412-B388-2C31D51B6E47.jpeg\" alt=\"\" width=\"828\" height=\"657\" class=\"aligncenter size-full wp-image-68085\" srcset=\"https:\/\/radiostargjilan.com\/web\/wp-content\/uploads\/2020\/10\/DA59AABF-0BF9-4412-B388-2C31D51B6E47.jpeg 828w, https:\/\/radiostargjilan.com\/web\/wp-content\/uploads\/2020\/10\/DA59AABF-0BF9-4412-B388-2C31D51B6E47-300x238.jpeg 300w, https:\/\/radiostargjilan.com\/web\/wp-content\/uploads\/2020\/10\/DA59AABF-0BF9-4412-B388-2C31D51B6E47-768x609.jpeg 768w, https:\/\/radiostargjilan.com\/web\/wp-content\/uploads\/2020\/10\/DA59AABF-0BF9-4412-B388-2C31D51B6E47-600x476.jpeg 600w\" sizes=\"auto, (max-width: 828px) 100vw, 828px\" \/><\/p>\n","protected":false},"excerpt":{"rendered":"<p>N\u00eb pik\u00ebn kuftiare t\u00eb Merdares p\u00ebr t\u00eb dal\u00eb nga Kosova, qytetar\u00ebt po presin deri n\u00eb 20 minuta, derisa kolona \u00ebsht\u00eb e gjat\u00eb deri n\u00eb 60 metra. Gjendja n\u00eb pikat tjera kufitare \u00ebsht\u00eb e qet\u00eb dhe nuk ka kolon\u00eb. Jav\u00eb m\u00eb par\u00eb nj\u00eb num\u00ebr i madh i bashk\u00ebatdhetar\u00ebve kan\u00eb arritur n\u00eb Kosov\u00eb nga Zvicra e Gjermania. [&hellip;]<\/p>\n","protected":false},"author":1,"featured_media":66756,"comment_status":"closed","ping_status":"closed","sticky":false,"template":"","format":"standard","meta":{"footnotes":""},"categories":[5],"tags":[],"class_list":{"0":"post-68084","1":"post","2":"type-post","3":"status-publish","4":"format-standard","5":"has-post-thumbnail","7":"category-lajme"},"_links":{"self":[{"href":"https:\/\/radiostargjilan.com\/web\/wp-json\/wp\/v2\/posts\/68084","targetHints":{"allow":["GET"]}}],"collection":[{"href":"https:\/\/radiostargjilan.com\/web\/wp-json\/wp\/v2\/posts"}],"about":[{"href":"https:\/\/radiostargjilan.com\/web\/wp-json\/wp\/v2\/types\/post"}],"author":[{"embeddable":true,"href":"https:\/\/radiostargjilan.com\/web\/wp-json\/wp\/v2\/users\/1"}],"replies":[{"embeddable":true,"href":"https:\/\/radiostargjilan.com\/web\/wp-json\/wp\/v2\/comments?post=68084"}],"version-history":[{"count":0,"href":"https:\/\/radiostargjilan.com\/web\/wp-json\/wp\/v2\/posts\/68084\/revisions"}],"wp:featuredmedia":[{"embeddable":true,"href":"https:\/\/radiostargjilan.com\/web\/wp-json\/wp\/v2\/media\/66756"}],"wp:attachment":[{"href":"https:\/\/radiostargjilan.com\/web\/wp-json\/wp\/v2\/media?parent=68084"}],"wp:term":[{"taxonomy":"category","embeddable":true,"href":"https:\/\/radiostargjilan.com\/web\/wp-json\/wp\/v2\/categories?post=68084"},{"taxonomy":"post_tag","embeddable":true,"href":"https:\/\/radiostargjilan.com\/web\/wp-json\/wp\/v2\/tags?post=68084"}],"curies":[{"name":"wp","href":"https:\/\/api.w.org\/{rel}","templated":true}]}}