{"id":68262,"date":"2020-11-02T21:53:22","date_gmt":"2020-11-02T21:53:22","guid":{"rendered":"https:\/\/radiostargjilan.com\/web\/?p=68262"},"modified":"2020-11-02T21:53:22","modified_gmt":"2020-11-02T21:53:22","slug":"sulm-terrorist-ne-vjene-ambasada-e-kosoves-therret-qytetareve-te-qendojne-ne-shtepi","status":"publish","type":"post","link":"https:\/\/radiostargjilan.com\/web\/sulm-terrorist-ne-vjene-ambasada-e-kosoves-therret-qytetareve-te-qendojne-ne-shtepi\/","title":{"rendered":"Sulm terrorist n\u00eb Vjen\u00eb: Ambasada e Kosov\u00ebs th\u00ebrret qytetar\u00ebve t\u00eb q\u00ebndojn\u00eb n\u00eb sht\u00ebpi"},"content":{"rendered":"<p>Policia austriake njofton se q\u00eb nga ora 20.15 n\u00eb Lagjen\/ Bezirkun 1. qend\u00ebr t\u00eb Vjen\u00ebs, jan\u00eb d\u00ebgjuar t\u00eb sht\u00ebna dhe ka t\u00eb plagosur.<\/p>\n<p>Nj\u00eb operacion policor \u00ebsht\u00eb duke u zhvilluar n\u00eb Vjen\u00eb dhe sipas policis\u00eb sulmuesi ndodhet n\u00eb arrati, por tani p\u00ebr tani nuk \u00ebsht\u00eb e qart\u00eb n\u00ebse ka m\u00eb shum\u00eb sulmues, pasi ka informacione se ishin tre prej tyre.<\/p>\n<p>Sipas informacioneve t\u00eb para nj\u00eb sulmues ka q\u00eblluar n\u00eb drejtim t\u00eb policit q\u00eb po ruante sinagog\u00ebn dhe i cili \u00ebsht\u00eb n\u00eb gjendje kritike p\u00ebr jet\u00ebn, nd\u00ebrsa edhe Ambasada kosovare n\u00eb Vjen\u00eb lut t\u00eb gjith\u00eb qytetar\u00ebt tan\u00eb q\u00eb ndodhen n\u00eb Vjen\u00eb, Zona Qender (Bezirk 1.) t\u00eb qendrojn\u00eb n\u00eb vende t\u00eb sigurta.<\/p>\n<p>Lusim edhenj\u00ebher\u00eb t\u00eb gjith\u00eb qytetar\u00ebt ne Vjen\u00eb t\u00eb q\u00ebndrojn\u00eb ne vende t\u00eb sigurta, ne raste emergjente t\u00eb telefonojn\u00eb policin\u00eb lokale ne Numrin 133 apo ne numrin emergjent te ambasades si vijon:<br \/>\n+43 676 7861865\u201d, thuhet n\u00eb njoftimin e tyre.<\/p>\n<p>N\u00eb an\u00ebn tjet\u00ebr Policia e Vjen\u00ebs gjithashtu njoftoi se rrethanat e incidentit jan\u00eb ende duke u p\u00ebrcaktuar. Ata u b\u00ebn\u00eb thirrje qytetar\u00ebve q\u00eb t\u00eb q\u00ebndrojn\u00eb larg asaj zone.<\/p>\n<p>Poashtu, edhe siguria e brendshme e komunitetit fetar hebre n\u00eb Austri u b\u00ebri thirrje t\u00eb gjith\u00eb qytetar\u00ebve hebrenj t\u00eb mos largohen nga banesat ose sht\u00ebpit\u00eb e tyre.<\/p>\n","protected":false},"excerpt":{"rendered":"<p>Policia austriake njofton se q\u00eb nga ora 20.15 n\u00eb Lagjen\/ Bezirkun 1. qend\u00ebr t\u00eb Vjen\u00ebs, jan\u00eb d\u00ebgjuar t\u00eb sht\u00ebna dhe ka t\u00eb plagosur. Nj\u00eb operacion policor \u00ebsht\u00eb duke u zhvilluar n\u00eb Vjen\u00eb dhe sipas policis\u00eb sulmuesi ndodhet n\u00eb arrati, por tani p\u00ebr tani nuk \u00ebsht\u00eb e qart\u00eb n\u00ebse ka m\u00eb shum\u00eb sulmues, pasi ka informacione [&hellip;]<\/p>\n","protected":false},"author":1,"featured_media":68263,"comment_status":"closed","ping_status":"closed","sticky":false,"template":"","format":"standard","meta":{"footnotes":""},"categories":[5],"tags":[],"class_list":{"0":"post-68262","1":"post","2":"type-post","3":"status-publish","4":"format-standard","5":"has-post-thumbnail","7":"category-lajme"},"_links":{"self":[{"href":"https:\/\/radiostargjilan.com\/web\/wp-json\/wp\/v2\/posts\/68262","targetHints":{"allow":["GET"]}}],"collection":[{"href":"https:\/\/radiostargjilan.com\/web\/wp-json\/wp\/v2\/posts"}],"about":[{"href":"https:\/\/radiostargjilan.com\/web\/wp-json\/wp\/v2\/types\/post"}],"author":[{"embeddable":true,"href":"https:\/\/radiostargjilan.com\/web\/wp-json\/wp\/v2\/users\/1"}],"replies":[{"embeddable":true,"href":"https:\/\/radiostargjilan.com\/web\/wp-json\/wp\/v2\/comments?post=68262"}],"version-history":[{"count":0,"href":"https:\/\/radiostargjilan.com\/web\/wp-json\/wp\/v2\/posts\/68262\/revisions"}],"wp:featuredmedia":[{"embeddable":true,"href":"https:\/\/radiostargjilan.com\/web\/wp-json\/wp\/v2\/media\/68263"}],"wp:attachment":[{"href":"https:\/\/radiostargjilan.com\/web\/wp-json\/wp\/v2\/media?parent=68262"}],"wp:term":[{"taxonomy":"category","embeddable":true,"href":"https:\/\/radiostargjilan.com\/web\/wp-json\/wp\/v2\/categories?post=68262"},{"taxonomy":"post_tag","embeddable":true,"href":"https:\/\/radiostargjilan.com\/web\/wp-json\/wp\/v2\/tags?post=68262"}],"curies":[{"name":"wp","href":"https:\/\/api.w.org\/{rel}","templated":true}]}}