{"id":68719,"date":"2020-11-09T11:38:11","date_gmt":"2020-11-09T11:38:11","guid":{"rendered":"https:\/\/radiostargjilan.com\/web\/?p=68719"},"modified":"2020-11-09T11:38:11","modified_gmt":"2020-11-09T11:38:11","slug":"krasniqi-shperthen-ne-lot-une-dhe-populli-im-nuk-kemi-pase-nevoje-per-nje-tjeter-padrejtesi","status":"publish","type":"post","link":"https:\/\/radiostargjilan.com\/web\/krasniqi-shperthen-ne-lot-une-dhe-populli-im-nuk-kemi-pase-nevoje-per-nje-tjeter-padrejtesi\/","title":{"rendered":"Krasniqi shp\u00ebrthen n\u00eb lot: Un\u00eb dhe populli im nuk kemi pas\u00eb nevoj\u00eb p\u00ebr nj\u00eb tjet\u00ebr padrejt\u00ebsi"},"content":{"rendered":"<p>Z\u00ebdh\u00ebn\u00ebsi i Ushtris\u00eb \u00c7lirimtare t\u00eb Kosov\u00ebs, Jakup Krasniqi, sot \u00ebsht\u00eb paraqitur p\u00ebr her\u00eb t\u00eb par\u00eb para Gjyqtarit t\u00eb Procedur\u00ebs paraprake n\u00eb Tribunalin Special n\u00eb Hag\u00eb.<\/p>\n<p>Krasniqi e ka kritikuar ashp\u00ebr cil\u00ebsimin e Speciales p\u00ebr ish-ushtar\u00ebt e U\u00c7K-s\u00eb \u201cnd\u00ebrmarrje e p\u00ebrbashk\u00ebt kriminale\u201d, shkruan Reporteri.net.<\/p>\n<p>Pasi mori fjal\u00ebn shkurtimisht para Gjykat\u00ebs Speciale n\u00eb Hag\u00eb, Krasniqi u pa mjaft emocional e madje shp\u00ebrtheu me lot teksa tha se ndaj tij \u00ebsht\u00eb b\u00ebr\u00eb nj\u00eb padrejt\u00ebsi e madhe.<\/p>\n<p>\u201cP\u00ebr mu \u00ebsht\u00eb b\u00eb nj\u00eb padrejt\u00ebsi e madhe do ta mbaj edhe k\u00ebt\u00eb padrejt\u00ebsi sepse populli yn\u00eb e ka nj\u00eb fjal\u00eb q\u00eb thot\u00eb \u2018njeriu \u00ebsht\u00eb m\u00eb I fort\u00eb se guri dhe at\u00eb q\u00eb se ban guri e ban njeri\u2019. Un\u00eb dhe populli im kemi mbajt\u00eb shum\u00eb padrejt\u00ebsi dhe nuk kemi pas\u00eb nevoj\u00eb p\u00ebr nj\u00eb tjet\u00ebr padrejt\u00ebsi.\u201d, ka th\u00ebn\u00eb Krasniqi duke e nd\u00ebrprer\u00eb fjalin\u00eb n\u00eb gjysm\u00eb pas emocioneve.<\/p>\n<p>I emocionuar, ai foli p\u00ebr p\u00ebrpjekjen e U\u00c7K-s\u00eb p\u00ebr \u00e7lirimin e Kosov\u00ebs. Ai tha se Gjykata Speciale \u00ebsht\u00eb adresa e akuza ndaj tij.<\/p>\n<p>\u201cUn\u00eb mendoj q\u00eb adresa e qart\u00eb e krejt k\u00ebsaj maskarade \u00ebsht\u00eb n\u00eb Beograd dhe mb\u00ebshtet\u00ebsit e politikave t\u00eb tyre kudoqofshin\u201d, tha Krasniqi. <\/p>\n","protected":false},"excerpt":{"rendered":"<p>Z\u00ebdh\u00ebn\u00ebsi i Ushtris\u00eb \u00c7lirimtare t\u00eb Kosov\u00ebs, Jakup Krasniqi, sot \u00ebsht\u00eb paraqitur p\u00ebr her\u00eb t\u00eb par\u00eb para Gjyqtarit t\u00eb Procedur\u00ebs paraprake n\u00eb Tribunalin Special n\u00eb Hag\u00eb. Krasniqi e ka kritikuar ashp\u00ebr cil\u00ebsimin e Speciales p\u00ebr ish-ushtar\u00ebt e U\u00c7K-s\u00eb \u201cnd\u00ebrmarrje e p\u00ebrbashk\u00ebt kriminale\u201d, shkruan Reporteri.net. Pasi mori fjal\u00ebn shkurtimisht para Gjykat\u00ebs Speciale n\u00eb Hag\u00eb, Krasniqi u pa [&hellip;]<\/p>\n","protected":false},"author":1,"featured_media":68720,"comment_status":"closed","ping_status":"closed","sticky":false,"template":"","format":"standard","meta":{"footnotes":""},"categories":[5],"tags":[],"class_list":{"0":"post-68719","1":"post","2":"type-post","3":"status-publish","4":"format-standard","5":"has-post-thumbnail","7":"category-lajme"},"_links":{"self":[{"href":"https:\/\/radiostargjilan.com\/web\/wp-json\/wp\/v2\/posts\/68719","targetHints":{"allow":["GET"]}}],"collection":[{"href":"https:\/\/radiostargjilan.com\/web\/wp-json\/wp\/v2\/posts"}],"about":[{"href":"https:\/\/radiostargjilan.com\/web\/wp-json\/wp\/v2\/types\/post"}],"author":[{"embeddable":true,"href":"https:\/\/radiostargjilan.com\/web\/wp-json\/wp\/v2\/users\/1"}],"replies":[{"embeddable":true,"href":"https:\/\/radiostargjilan.com\/web\/wp-json\/wp\/v2\/comments?post=68719"}],"version-history":[{"count":0,"href":"https:\/\/radiostargjilan.com\/web\/wp-json\/wp\/v2\/posts\/68719\/revisions"}],"wp:featuredmedia":[{"embeddable":true,"href":"https:\/\/radiostargjilan.com\/web\/wp-json\/wp\/v2\/media\/68720"}],"wp:attachment":[{"href":"https:\/\/radiostargjilan.com\/web\/wp-json\/wp\/v2\/media?parent=68719"}],"wp:term":[{"taxonomy":"category","embeddable":true,"href":"https:\/\/radiostargjilan.com\/web\/wp-json\/wp\/v2\/categories?post=68719"},{"taxonomy":"post_tag","embeddable":true,"href":"https:\/\/radiostargjilan.com\/web\/wp-json\/wp\/v2\/tags?post=68719"}],"curies":[{"name":"wp","href":"https:\/\/api.w.org\/{rel}","templated":true}]}}