{"id":69140,"date":"2020-11-14T20:55:27","date_gmt":"2020-11-14T20:55:27","guid":{"rendered":"https:\/\/radiostargjilan.com\/web\/?p=69140"},"modified":"2020-11-14T20:55:27","modified_gmt":"2020-11-14T20:55:27","slug":"zemaj-sigurisht-qe-kemi-para-per-vaksinen-kunder-covid-19","status":"publish","type":"post","link":"https:\/\/radiostargjilan.com\/web\/zemaj-sigurisht-qe-kemi-para-per-vaksinen-kunder-covid-19\/","title":{"rendered":"Zemaj: Sigurisht q\u00eb kemi para p\u00ebr vaksin\u00ebn kund\u00ebr COVID-19"},"content":{"rendered":"<p>Ministri i Sh\u00ebndet\u00ebsis\u00eb, Armend Zemaj, tha se Kosova ka para p\u00ebr t\u00eb paguar vaksin\u00ebn kund\u00ebr COVID-19 kur ajo t\u00eb jet\u00eb e gatshme.<\/p>\n<p>Megjithat\u00eb, ai tha se Kosov\u00ebs i \u00ebsht\u00eb mund\u00ebsuar q\u00eb p\u00ebr nj\u00eb p\u00ebrqindje t\u00eb popull\u00ebsis\u00eb t\u00eb jepet edhe falas, njofton Klan Kosova.<\/p>\n<p>\u201cP\u00ebr vaksin\u00ebn jemi n\u00eb komunikim me OBSH-n\u00eb. Neve na \u00ebsht\u00eb mund\u00ebsuar vaksina edhe p\u00ebrmes blerjes dhe falas p\u00ebr diku 20 p\u00ebr qind. \u00c7mimi \u00ebsht\u00eb unik q\u00eb e blen BE-ja dhe ata e shp\u00ebrndajn\u00eb p\u00ebr shtetet. Ai \u00e7mim \u00ebsht\u00eb referent p\u00ebr t\u00eb gjith\u00eb. Ne sigurisht q\u00eb kemi para p\u00ebr ta bler\u00eb at\u00eb sepse edhe na obligon ligji anti-COVID p\u00ebr t\u2019ia siguruar \u00e7do qytetari falas\u201d.<\/p>\n<p>Nd\u00ebrkaq, sa i p\u00ebrket maskave dhe donacioneve q\u00eb kan\u00eb ardhur, Zemaj tha se ato jan\u00eb shp\u00ebrndar\u00eb n\u00eb disa grupe t\u00eb shoq\u00ebris\u00eb.<\/p>\n<p>\u201cNa kan\u00eb ardhur shum\u00eb maska donacion, vet\u00ebm Jordania na ka sjell\u00eb m\u00eb shum\u00eb se 1 milion maska. Ato i kemi shp\u00ebrndar\u00eb te mjek\u00ebt, n\u00ebp\u00ebr shkolla, komuniteteve joshumic\u00eb apo edhe p\u00ebr ato grupe sociale\u201d.<\/p>\n","protected":false},"excerpt":{"rendered":"<p>Ministri i Sh\u00ebndet\u00ebsis\u00eb, Armend Zemaj, tha se Kosova ka para p\u00ebr t\u00eb paguar vaksin\u00ebn kund\u00ebr COVID-19 kur ajo t\u00eb jet\u00eb e gatshme. Megjithat\u00eb, ai tha se Kosov\u00ebs i \u00ebsht\u00eb mund\u00ebsuar q\u00eb p\u00ebr nj\u00eb p\u00ebrqindje t\u00eb popull\u00ebsis\u00eb t\u00eb jepet edhe falas, njofton Klan Kosova. \u201cP\u00ebr vaksin\u00ebn jemi n\u00eb komunikim me OBSH-n\u00eb. Neve na \u00ebsht\u00eb mund\u00ebsuar vaksina [&hellip;]<\/p>\n","protected":false},"author":1,"featured_media":68566,"comment_status":"closed","ping_status":"closed","sticky":false,"template":"","format":"standard","meta":{"footnotes":""},"categories":[5],"tags":[],"class_list":{"0":"post-69140","1":"post","2":"type-post","3":"status-publish","4":"format-standard","5":"has-post-thumbnail","7":"category-lajme"},"_links":{"self":[{"href":"https:\/\/radiostargjilan.com\/web\/wp-json\/wp\/v2\/posts\/69140","targetHints":{"allow":["GET"]}}],"collection":[{"href":"https:\/\/radiostargjilan.com\/web\/wp-json\/wp\/v2\/posts"}],"about":[{"href":"https:\/\/radiostargjilan.com\/web\/wp-json\/wp\/v2\/types\/post"}],"author":[{"embeddable":true,"href":"https:\/\/radiostargjilan.com\/web\/wp-json\/wp\/v2\/users\/1"}],"replies":[{"embeddable":true,"href":"https:\/\/radiostargjilan.com\/web\/wp-json\/wp\/v2\/comments?post=69140"}],"version-history":[{"count":0,"href":"https:\/\/radiostargjilan.com\/web\/wp-json\/wp\/v2\/posts\/69140\/revisions"}],"wp:featuredmedia":[{"embeddable":true,"href":"https:\/\/radiostargjilan.com\/web\/wp-json\/wp\/v2\/media\/68566"}],"wp:attachment":[{"href":"https:\/\/radiostargjilan.com\/web\/wp-json\/wp\/v2\/media?parent=69140"}],"wp:term":[{"taxonomy":"category","embeddable":true,"href":"https:\/\/radiostargjilan.com\/web\/wp-json\/wp\/v2\/categories?post=69140"},{"taxonomy":"post_tag","embeddable":true,"href":"https:\/\/radiostargjilan.com\/web\/wp-json\/wp\/v2\/tags?post=69140"}],"curies":[{"name":"wp","href":"https:\/\/api.w.org\/{rel}","templated":true}]}}