{"id":69310,"date":"2020-11-18T11:47:48","date_gmt":"2020-11-18T11:47:48","guid":{"rendered":"https:\/\/radiostargjilan.com\/web\/?p=69310"},"modified":"2020-11-18T11:47:48","modified_gmt":"2020-11-18T11:47:48","slug":"reagon-ashper-fatmir-rexhepi-jemi-duke-e-marre-ne-qafe-kosoven-nuk-jemi-duke-punu-drejt-e-mire","status":"publish","type":"post","link":"https:\/\/radiostargjilan.com\/web\/reagon-ashper-fatmir-rexhepi-jemi-duke-e-marre-ne-qafe-kosoven-nuk-jemi-duke-punu-drejt-e-mire\/","title":{"rendered":"Reagon ashp\u00ebr Fatmir Rexhepi: Jemi duke e marr\u00eb n\u00eb qaf\u00eb Kosov\u00ebn, nuk jemi duke punu drejt e mir\u00eb"},"content":{"rendered":"<p>Deputeti i LDK-s\u00eb, Fatmir Rexhepi, ka \u201cshp\u00ebrthyer\u201d me akuza ndaj t\u00eb gjitha partive politike n\u00eb Komisionin p\u00ebr Buxhet dhe Financa ku diskutohej p\u00ebr miratimin e buxhetit p\u00ebr vitin e ardhsh\u00ebm.<\/p>\n<p>Ai ka th\u00ebn\u00eb se deputet\u00ebt shqiptar\u00eb e kan\u00eb sjell\u00eb vendin n\u00eb situat\u00ebn aktuale dhe se nuk kan\u00eb faj as Lista Serbe e as pakicat tjera.<\/p>\n<p>Rexhepo ka th\u00ebn\u00eb se partit\u00eb shqiptare, jan\u00eb duke e marr\u00eb n\u00eb qaf\u00eb Kosov\u00ebn dhe nuk po punojn\u00eb drejt, shkruan Reporteri.net.<\/p>\n<p>\u201cNa si deputet e kemi pru veten n\u00eb k\u00ebt\u00eb situat\u00eb, nuk ka kan\u00eb faj pakicat, as Lista Serbe, as askush, na jemi duke e marr\u00eb n\u00eb qaf\u00eb Kosov\u00ebn, na bashk\u00eb, LDK-VV, PDK, Aleanc\u00eb nuk jemi duke punuar drejt edhe mir\u00eb, qysh duhet n\u00eb situata t\u00eb caktuara\u201d, tha Rexhepi.<\/p>\n","protected":false},"excerpt":{"rendered":"<p>Deputeti i LDK-s\u00eb, Fatmir Rexhepi, ka \u201cshp\u00ebrthyer\u201d me akuza ndaj t\u00eb gjitha partive politike n\u00eb Komisionin p\u00ebr Buxhet dhe Financa ku diskutohej p\u00ebr miratimin e buxhetit p\u00ebr vitin e ardhsh\u00ebm. Ai ka th\u00ebn\u00eb se deputet\u00ebt shqiptar\u00eb e kan\u00eb sjell\u00eb vendin n\u00eb situat\u00ebn aktuale dhe se nuk kan\u00eb faj as Lista Serbe e as pakicat tjera. [&hellip;]<\/p>\n","protected":false},"author":1,"featured_media":69308,"comment_status":"closed","ping_status":"closed","sticky":false,"template":"","format":"standard","meta":{"footnotes":""},"categories":[5],"tags":[],"class_list":{"0":"post-69310","1":"post","2":"type-post","3":"status-publish","4":"format-standard","5":"has-post-thumbnail","7":"category-lajme"},"_links":{"self":[{"href":"https:\/\/radiostargjilan.com\/web\/wp-json\/wp\/v2\/posts\/69310","targetHints":{"allow":["GET"]}}],"collection":[{"href":"https:\/\/radiostargjilan.com\/web\/wp-json\/wp\/v2\/posts"}],"about":[{"href":"https:\/\/radiostargjilan.com\/web\/wp-json\/wp\/v2\/types\/post"}],"author":[{"embeddable":true,"href":"https:\/\/radiostargjilan.com\/web\/wp-json\/wp\/v2\/users\/1"}],"replies":[{"embeddable":true,"href":"https:\/\/radiostargjilan.com\/web\/wp-json\/wp\/v2\/comments?post=69310"}],"version-history":[{"count":0,"href":"https:\/\/radiostargjilan.com\/web\/wp-json\/wp\/v2\/posts\/69310\/revisions"}],"wp:featuredmedia":[{"embeddable":true,"href":"https:\/\/radiostargjilan.com\/web\/wp-json\/wp\/v2\/media\/69308"}],"wp:attachment":[{"href":"https:\/\/radiostargjilan.com\/web\/wp-json\/wp\/v2\/media?parent=69310"}],"wp:term":[{"taxonomy":"category","embeddable":true,"href":"https:\/\/radiostargjilan.com\/web\/wp-json\/wp\/v2\/categories?post=69310"},{"taxonomy":"post_tag","embeddable":true,"href":"https:\/\/radiostargjilan.com\/web\/wp-json\/wp\/v2\/tags?post=69310"}],"curies":[{"name":"wp","href":"https:\/\/api.w.org\/{rel}","templated":true}]}}