{"id":70133,"date":"2020-12-04T09:12:08","date_gmt":"2020-12-04T09:12:08","guid":{"rendered":"https:\/\/radiostargjilan.com\/web\/?p=70133"},"modified":"2020-12-04T09:12:08","modified_gmt":"2020-12-04T09:12:08","slug":"450-euro-per-raki-e-mish-ne-viti-reagon-kabineti-i-vlora-dumoshit","status":"publish","type":"post","link":"https:\/\/radiostargjilan.com\/web\/450-euro-per-raki-e-mish-ne-viti-reagon-kabineti-i-vlora-dumoshit\/","title":{"rendered":"450 euro p\u00ebr raki e mish n\u00eb Viti, reagon kabineti i Vlora Dumoshit"},"content":{"rendered":"<p>Dje n\u00eb media \u00ebsht\u00eb raportuar se ministrja e Kultur\u00ebs, Vlora Dumoshi, s\u00eb bashku me kryetarin e Komun\u00ebs s\u00eb Vitis\u00eb, Sokol Haliti, kan\u00eb shpenzuar nj\u00eb shum\u00eb t\u00eb madhe t\u00eb parave vet\u00ebm p\u00ebr nj\u00eb drek\u00eb.<\/p>\n<p>P\u00ebr k\u00ebto raportime ka reaguar Ministria e Kultur\u00ebs.<\/p>\n<p>K\u00ebshilltarja e Dumoshit, Gentiana Azemi, e ka quajtur k\u00ebt\u00eb lajm tendencioz.<\/p>\n<p>\u201cBrenda vet\u00ebm disa or\u00ebve, shfaqen lajme tendencioze p\u00ebr ministren Dumoshi t\u00eb cilat jan\u00eb plot\u00ebsisht t\u00eb pav\u00ebrteta dhe nuk q\u00ebndrojn\u00eb. Dreka e cila po flitet t\u00eb pranish\u00ebm ishin mbi 40 persona dhe ministrja Dumoshi nuk ka q\u00ebndruar, vet\u00ebm sa \u00ebsht\u00eb p\u00ebrsh\u00ebndetur me zyrtar\u00ebt e Komun\u00ebs dhe zyrtar\u00ebt e shkoll\u00ebs s\u00eb par\u00eb shqipe n\u00eb Stub\u00ebll\u201d, ka shkruar Azemi.<\/p>\n<p>Ajo thot\u00eb se mund t\u00eb dokumentohet se Dumoshi i ka shpenzimet m\u00eb t\u00eb pakta dhe nuk abuzon me parat\u00eb e qytetar\u00ebve.<\/p>\n<p>\u201cSa p\u00ebr informacion mund t\u00eb dokumentohet q\u00eb n\u00eb \u00e7do rast ministrja Dumoshi i ka shpenzimet m\u00eb t\u00eb pakta dhe n\u00eb asnj\u00eb moment nuk abuzon mbi parat\u00eb e qytetar\u00ebve. N\u00eb k\u00ebt\u00eb koh\u00eb e kuptoj q\u00eb puna e ministres Dumoshi mund t\u2019i pengoj dikujt apo mund t\u00eb mos i p\u00eblqej, por shum\u00eb e ul\u00ebt p\u00ebr shpifje. Shum\u00eb ul\u00ebt\u201d, ka th\u00ebn\u00eb ajo. <\/p>\n<p>Shkrimi i plot\u00eb:<\/p>\n<p>Brenda vet\u00ebm disa or\u00ebve, shfaqen lajme tendencioze p\u00ebr ministren Dumoshi t\u00eb cilat jan\u00eb plot\u00ebsisht t\u00eb pav\u00ebrteta dhe nuk q\u00ebndrojn\u00eb. Dreka e cila po flitet t\u00eb pranish\u00ebm ishin mbi 40 persona dhe ministrja Dumoshi nuk ka q\u00ebndruar, vet\u00ebm sa \u00ebsht\u00eb p\u00ebrsh\u00ebndetur me zyrtar\u00ebt e Komun\u00ebs dhe zyrtar\u00ebt e shkoll\u00ebs s\u00eb par\u00eb shqipe n\u00eb Stub\u00ebll.<br \/>\nSa p\u00ebr informacion mund t\u00eb dokumentohet q\u00eb n\u00eb \u00e7do rast ministrja Dumoshi i ka shpenzimet m\u00eb t\u00eb pakta dhe n\u00eb asnj\u00eb moment nuk abuzon mbi parat\u00eb e qytetar\u00ebve.<br \/>\nN\u00eb k\u00ebt\u00eb koh\u00eb e kuptoj q\u00eb puna e ministres Dumoshi mund t\u2019i pengoj dikujt apo mund t\u00eb mos i p\u00eblqej, por shum\u00eb e ul\u00ebt p\u00ebr shpifje. Shum\u00eb ul\u00ebt!<\/p>\n","protected":false},"excerpt":{"rendered":"<p>Dje n\u00eb media \u00ebsht\u00eb raportuar se ministrja e Kultur\u00ebs, Vlora Dumoshi, s\u00eb bashku me kryetarin e Komun\u00ebs s\u00eb Vitis\u00eb, Sokol Haliti, kan\u00eb shpenzuar nj\u00eb shum\u00eb t\u00eb madhe t\u00eb parave vet\u00ebm p\u00ebr nj\u00eb drek\u00eb. P\u00ebr k\u00ebto raportime ka reaguar Ministria e Kultur\u00ebs. K\u00ebshilltarja e Dumoshit, Gentiana Azemi, e ka quajtur k\u00ebt\u00eb lajm tendencioz. \u201cBrenda vet\u00ebm disa [&hellip;]<\/p>\n","protected":false},"author":1,"featured_media":70134,"comment_status":"closed","ping_status":"closed","sticky":false,"template":"","format":"standard","meta":{"footnotes":""},"categories":[5],"tags":[],"class_list":{"0":"post-70133","1":"post","2":"type-post","3":"status-publish","4":"format-standard","5":"has-post-thumbnail","7":"category-lajme"},"_links":{"self":[{"href":"https:\/\/radiostargjilan.com\/web\/wp-json\/wp\/v2\/posts\/70133","targetHints":{"allow":["GET"]}}],"collection":[{"href":"https:\/\/radiostargjilan.com\/web\/wp-json\/wp\/v2\/posts"}],"about":[{"href":"https:\/\/radiostargjilan.com\/web\/wp-json\/wp\/v2\/types\/post"}],"author":[{"embeddable":true,"href":"https:\/\/radiostargjilan.com\/web\/wp-json\/wp\/v2\/users\/1"}],"replies":[{"embeddable":true,"href":"https:\/\/radiostargjilan.com\/web\/wp-json\/wp\/v2\/comments?post=70133"}],"version-history":[{"count":0,"href":"https:\/\/radiostargjilan.com\/web\/wp-json\/wp\/v2\/posts\/70133\/revisions"}],"wp:featuredmedia":[{"embeddable":true,"href":"https:\/\/radiostargjilan.com\/web\/wp-json\/wp\/v2\/media\/70134"}],"wp:attachment":[{"href":"https:\/\/radiostargjilan.com\/web\/wp-json\/wp\/v2\/media?parent=70133"}],"wp:term":[{"taxonomy":"category","embeddable":true,"href":"https:\/\/radiostargjilan.com\/web\/wp-json\/wp\/v2\/categories?post=70133"},{"taxonomy":"post_tag","embeddable":true,"href":"https:\/\/radiostargjilan.com\/web\/wp-json\/wp\/v2\/tags?post=70133"}],"curies":[{"name":"wp","href":"https:\/\/api.w.org\/{rel}","templated":true}]}}