{"id":70177,"date":"2020-12-04T17:14:06","date_gmt":"2020-12-04T17:14:06","guid":{"rendered":"https:\/\/radiostargjilan.com\/web\/?p=70177"},"modified":"2020-12-04T17:14:06","modified_gmt":"2020-12-04T17:14:06","slug":"hoti-qeveria-mund-te-bie-por-nuk-shantazhohet-nga-askush","status":"publish","type":"post","link":"https:\/\/radiostargjilan.com\/web\/hoti-qeveria-mund-te-bie-por-nuk-shantazhohet-nga-askush\/","title":{"rendered":"Hoti: Qeveria mund t\u00eb bie por nuk shantazhohet nga askush"},"content":{"rendered":"<p>Kryeministri i Kosov\u00ebs, Avdullah Hoti ka paralajm\u00ebruar se gjat\u00eb dit\u00ebve n\u00eb vijim do t\u00eb adresoj\u00eb disa \u00e7\u00ebshtje sa i p\u00ebrket List\u00ebs Serbe.<\/p>\n<p>Ai tha se Qeveria mund t\u00eb bie, por nuk mund t\u00eb shantazhohet nga askush.<\/p>\n<p>Hoti tha k\u00ebshtu gjat\u00eb konferenc\u00ebs p\u00ebr medie, kur u pyet se a po e shantazhin Lista Serbe Qeverin\u00eb dhe n\u00ebse do ta shqyrtojn\u00eb pozit\u00ebn e k\u00ebsaj partie n\u00eb Qeveri.<\/p>\n<p>\u201cKemi disa \u00e7\u00ebshtje q\u00eb besoj se n\u00eb dit\u00ebt e ardhshme duhet t\u2019i adresojm\u00eb me List\u00ebn Serbe. Fakti q\u00eb jemi n\u00eb k\u00ebt\u00eb pik\u00eb, do t\u00eb thot\u00eb q\u00eb Qeveria mund t\u00eb bie por nuk mund t\u00eb shantazhohet. M\u00eb vjen mir\u00eb q\u00eb nj\u00eb pjes\u00eb e opozit\u00ebs kan\u00eb marr\u00eb parasysh k\u00ebrkesat tona t\u00eb vazhduesh\u00ebm. Qysh n\u00eb muajt e ver\u00ebs kur ka shkuar n\u00eb lexim t\u00eb par\u00eb n\u00eb Kuvend, kam k\u00ebrkuar nga deputet\u00ebt t\u00eb japin mendimet e tyre, si nga opozita si nga pozita t\u00eb japin mendimin n\u00eb m\u00ebnyr\u00eb q\u00eb ato t\u2019i akomodojm\u00eb n\u00eb Ligjin p\u00ebr rim\u00ebk\u00ebmbje Ekonomike\u201d, tha Hoti.<\/p>\n","protected":false},"excerpt":{"rendered":"<p>Kryeministri i Kosov\u00ebs, Avdullah Hoti ka paralajm\u00ebruar se gjat\u00eb dit\u00ebve n\u00eb vijim do t\u00eb adresoj\u00eb disa \u00e7\u00ebshtje sa i p\u00ebrket List\u00ebs Serbe. Ai tha se Qeveria mund t\u00eb bie, por nuk mund t\u00eb shantazhohet nga askush. Hoti tha k\u00ebshtu gjat\u00eb konferenc\u00ebs p\u00ebr medie, kur u pyet se a po e shantazhin Lista Serbe Qeverin\u00eb dhe [&hellip;]<\/p>\n","protected":false},"author":1,"featured_media":70178,"comment_status":"closed","ping_status":"closed","sticky":false,"template":"","format":"standard","meta":{"footnotes":""},"categories":[5],"tags":[],"class_list":{"0":"post-70177","1":"post","2":"type-post","3":"status-publish","4":"format-standard","5":"has-post-thumbnail","7":"category-lajme"},"_links":{"self":[{"href":"https:\/\/radiostargjilan.com\/web\/wp-json\/wp\/v2\/posts\/70177","targetHints":{"allow":["GET"]}}],"collection":[{"href":"https:\/\/radiostargjilan.com\/web\/wp-json\/wp\/v2\/posts"}],"about":[{"href":"https:\/\/radiostargjilan.com\/web\/wp-json\/wp\/v2\/types\/post"}],"author":[{"embeddable":true,"href":"https:\/\/radiostargjilan.com\/web\/wp-json\/wp\/v2\/users\/1"}],"replies":[{"embeddable":true,"href":"https:\/\/radiostargjilan.com\/web\/wp-json\/wp\/v2\/comments?post=70177"}],"version-history":[{"count":0,"href":"https:\/\/radiostargjilan.com\/web\/wp-json\/wp\/v2\/posts\/70177\/revisions"}],"wp:featuredmedia":[{"embeddable":true,"href":"https:\/\/radiostargjilan.com\/web\/wp-json\/wp\/v2\/media\/70178"}],"wp:attachment":[{"href":"https:\/\/radiostargjilan.com\/web\/wp-json\/wp\/v2\/media?parent=70177"}],"wp:term":[{"taxonomy":"category","embeddable":true,"href":"https:\/\/radiostargjilan.com\/web\/wp-json\/wp\/v2\/categories?post=70177"},{"taxonomy":"post_tag","embeddable":true,"href":"https:\/\/radiostargjilan.com\/web\/wp-json\/wp\/v2\/tags?post=70177"}],"curies":[{"name":"wp","href":"https:\/\/api.w.org\/{rel}","templated":true}]}}