{"id":70413,"date":"2020-12-08T21:49:13","date_gmt":"2020-12-08T21:49:13","guid":{"rendered":"https:\/\/radiostargjilan.com\/web\/?p=70413"},"modified":"2020-12-08T21:49:13","modified_gmt":"2020-12-08T21:49:13","slug":"gjilan-familjaret-paguajne-mbi-250-euro-per-shkak-te-mungeses-se-oksigjenit-ne-spital","status":"publish","type":"post","link":"https:\/\/radiostargjilan.com\/web\/gjilan-familjaret-paguajne-mbi-250-euro-per-shkak-te-mungeses-se-oksigjenit-ne-spital\/","title":{"rendered":"Gjilan: Familjar\u00ebt paguajn\u00eb mbi 250 euro p\u00ebr shkak t\u00eb munges\u00ebs s\u00eb oksigjenit n\u00eb spital"},"content":{"rendered":"<p>Nga Spitali Rajonal i Gjilanit ndon\u00ebse kan\u00eb raportuar p\u00ebr munges\u00eb oksigjeni, nuk kan\u00eb pranuar t\u00eb prononcohen.<\/p>\n<p>Kjo bombole e oksigjenit po ua rikthen shpresat se jeta e familjarit t\u00eb tyre do t\u00eb jet\u00eb e sigurt.<\/p>\n<p>Por ky oksigjeni nuk \u00ebsht\u00eb siguruar nga institucionet sh\u00ebndet\u00ebsore.<\/p>\n<p>P\u00ebr t\u2019i furnizuar pacient\u00ebt me O2, po angazhohen vet familjar\u00ebt.<\/p>\n<p>Kjo bombol\u00eb do t\u00eb shfryt\u00ebzohet derisa pacienti t\u00eb bartet n\u00eb QKUK, pasi q\u00eb n\u00eb spitalin rajonal t\u00eb Gjilanit nuk ka oksigjen.<\/p>\n<p>E ky informacion po i shqet\u00ebson familjar\u00ebt e pacient\u00ebve.<\/p>\n<p>P\u00ebr tri jav\u00eb, kjo grua ka jetuar me frik\u00ebn se nuk do t\u00eb ket\u00eb oksigjen p\u00ebr burrin e saj.<\/p>\n<p>N\u00eb munges\u00eb t\u00eb tij, familjar\u00ebt kan\u00eb siguruar vet oksigjenin.<\/p>\n<p>Sipas k\u00ebsaj gruaje, p\u00ebr disa dit\u00eb me radh\u00eb familjar\u00ebt u detyruan t\u00eb shkonin n\u00eb Ferizaj p\u00ebr oksigjen.<\/p>\n<p>P\u00ebrve\u00e7 barr\u00ebs p\u00ebr sigurimin e tij, familjar\u00ebt jan\u00eb detyruar edhe t\u00eb paguajn\u00eb \u00e7mime t\u00eb larta.<\/p>\n<p>Lajmi se ka munges\u00eb t\u00eb oksigjenit, u b\u00eb i ditur nga vet Spitali Rajonal i Gjilanit.<\/p>\n<p>Por nj\u00eb dit\u00eb pas kjo faqe nuk figuron n\u00eb rrjetin social Facebook.<\/p>\n<p>E p\u00ebrmes nj\u00eb komunikate, nga spitali kan\u00eb th\u00ebn\u00eb se nuk kan\u00eb faqe zyrtare, k\u00ebsisoj ai postim nuk paraqiste q\u00ebndrimin zyrtar.<\/p>\n<p>Nd\u00ebrkoh\u00eb nga zyra e informimit n\u00eb SHSKUK gjat\u00eb t\u00ebr\u00eb dit\u00ebs nuk ju kan\u00eb p\u00ebrgjigjur televizionit.<\/p>\n<p>E krejt k\u00ebto zhvillime gjilanasit nuk i prit\u00ebn mir\u00eb.<\/p>\n<p>P\u00ebr k\u00ebt\u00eb jan\u00eb t\u00eb informuar edhe n\u00eb komun\u00ebn e Gjilanit. Ata po thon\u00eb se brenda kompetencave t\u00eb tyre, jan\u00eb duke munduar t\u2019ju ndihmojn\u00eb me furnizim spitalit.<\/p>\n<p>Dit\u00ebve t\u00eb fundit jan\u00eb shfaqur shqet\u00ebsime p\u00ebr munges\u00eb oksigjeni n\u00eb t\u00ebr\u00eb vendin, porse nj\u00eb gj\u00eb t\u00eb till\u00eb e kishte mohuar Ministri i Sh\u00ebndet\u00ebsis\u00eb, Armend Zemja.<\/p>\n","protected":false},"excerpt":{"rendered":"<p>Nga Spitali Rajonal i Gjilanit ndon\u00ebse kan\u00eb raportuar p\u00ebr munges\u00eb oksigjeni, nuk kan\u00eb pranuar t\u00eb prononcohen. Kjo bombole e oksigjenit po ua rikthen shpresat se jeta e familjarit t\u00eb tyre do t\u00eb jet\u00eb e sigurt. Por ky oksigjeni nuk \u00ebsht\u00eb siguruar nga institucionet sh\u00ebndet\u00ebsore. P\u00ebr t\u2019i furnizuar pacient\u00ebt me O2, po angazhohen vet familjar\u00ebt. Kjo [&hellip;]<\/p>\n","protected":false},"author":1,"featured_media":70414,"comment_status":"closed","ping_status":"closed","sticky":false,"template":"","format":"standard","meta":{"footnotes":""},"categories":[5],"tags":[],"class_list":{"0":"post-70413","1":"post","2":"type-post","3":"status-publish","4":"format-standard","5":"has-post-thumbnail","7":"category-lajme"},"_links":{"self":[{"href":"https:\/\/radiostargjilan.com\/web\/wp-json\/wp\/v2\/posts\/70413","targetHints":{"allow":["GET"]}}],"collection":[{"href":"https:\/\/radiostargjilan.com\/web\/wp-json\/wp\/v2\/posts"}],"about":[{"href":"https:\/\/radiostargjilan.com\/web\/wp-json\/wp\/v2\/types\/post"}],"author":[{"embeddable":true,"href":"https:\/\/radiostargjilan.com\/web\/wp-json\/wp\/v2\/users\/1"}],"replies":[{"embeddable":true,"href":"https:\/\/radiostargjilan.com\/web\/wp-json\/wp\/v2\/comments?post=70413"}],"version-history":[{"count":0,"href":"https:\/\/radiostargjilan.com\/web\/wp-json\/wp\/v2\/posts\/70413\/revisions"}],"wp:featuredmedia":[{"embeddable":true,"href":"https:\/\/radiostargjilan.com\/web\/wp-json\/wp\/v2\/media\/70414"}],"wp:attachment":[{"href":"https:\/\/radiostargjilan.com\/web\/wp-json\/wp\/v2\/media?parent=70413"}],"wp:term":[{"taxonomy":"category","embeddable":true,"href":"https:\/\/radiostargjilan.com\/web\/wp-json\/wp\/v2\/categories?post=70413"},{"taxonomy":"post_tag","embeddable":true,"href":"https:\/\/radiostargjilan.com\/web\/wp-json\/wp\/v2\/tags?post=70413"}],"curies":[{"name":"wp","href":"https:\/\/api.w.org\/{rel}","templated":true}]}}