{"id":70631,"date":"2020-12-12T20:21:20","date_gmt":"2020-12-12T20:21:20","guid":{"rendered":"https:\/\/radiostargjilan.com\/web\/?p=70631"},"modified":"2020-12-12T20:21:20","modified_gmt":"2020-12-12T20:21:20","slug":"vjollca-osmani-mori-cmimin-e-pare-ne-festivalin-teen-fest","status":"publish","type":"post","link":"https:\/\/radiostargjilan.com\/web\/vjollca-osmani-mori-cmimin-e-pare-ne-festivalin-teen-fest\/","title":{"rendered":"Vjollca Osmani mori \u00e7mimin e par\u00eb n\u00eb Festivalin \u201cTeen Fest\u201d"},"content":{"rendered":"<p>Q\u00eb \u00ebsht\u00eb mbajtur k\u00ebt\u00eb t\u00eb shtun\u00eb n\u00eb Gjilan e n\u00eb t\u00eb cilin kan\u00eb marr\u00eb pjes\u00eb k\u00ebng\u00ebtar\u00eb t\u00eb rinj me krijimet e tyre origjinale si kantautor\u00eb. Festivali \u00ebsht\u00eb zhvilluar n\u00ebn moton  \u201cKompozo, K\u00ebndo, Garo!\u201d , ku u paraqiten 12 pjes\u00ebmarr\u00ebs, t\u00eb cil\u00ebt vijn\u00eb nga vende t\u00eb ndryshme si nga Kosova, por edhe nga Shqip\u00ebria.<\/p>\n<p>Sipas organizatorit D\u00ebfrim Behluli, duke par\u00eb se n\u00eb koh\u00ebt e fundit rinia \u00ebsht\u00eb fokusuar kryesisht n\u00eb muzik\u00eb formale dhe degjeneruese e kan\u00eb par\u00eb t\u00eb arsyeshme q\u00eb t\u00eb marrim nj\u00eb hap konkret p\u00ebr ta ndryshuar k\u00ebt\u00eb trend dhe p\u00ebr t\u00eb arritur nj\u00eb krijimtari kualitative p\u00ebr shoq\u00ebrin\u00eb ton\u00eb, e cila \u00ebsht\u00eb m\u00eb e reja n\u00eb Evrop\u00eb. N\u00eb k\u00ebt\u00eb festival mor\u00ebn  pjes\u00eb kryesisht t\u00eb rinjt\u00eb nga mosha 16-22 vje\u00e7, konkurruan me k\u00ebng\u00eb t\u00eb tyre q\u00eb vet\u00eb i kan\u00eb kompozuar n\u00eb zhanre t\u00eb ndryshme si: Pop, Rock, RnB, Soul, Dance, Serenata etj.<\/p>\n<p>K\u00ebng\u00ebt konkurruese ishin aranzhuar n\u00eb parte nga prof. D\u00ebfrim Behluli p\u00ebr orkestr\u00ebn profesionale t\u00eb festivalit, e cila i shoq\u00ebroi bashk\u00eb me korin \u201cLive\u201d, t\u00eb gjith\u00eb pjes\u00ebmarr\u00ebsit.<\/p>\n<p>Duhet theksuar se fitueses Vjollca Osmani do t\u2019i mund\u00ebsohet realzimi i nj\u00eb video klipi muzikor.<\/p>\n<p>Fituesja Vjollca Osmani ka marr\u00eb pjes\u00eb m\u00eb her\u00ebt edhe n\u00eb disa festivale t\u00eb tjera, sikurse q\u00eb ka t\u00eb incizuara edhe disa k\u00ebng\u00eb t\u00eb saja q\u00eb jan\u00eb shoq\u00ebruara me videoklipe. Ajo vijon m\u00ebsimet n\u00eb Shkoll\u00ebn e Mesme t\u00eb Muzik\u00ebs n\u00eb Gjilan.<img loading=\"lazy\" loading=\"lazy\" decoding=\"async\" src=\"https:\/\/radiostargjilan.com\/web\/wp-content\/uploads\/2020\/12\/B1BBF493-5109-48C8-95C7-30C9BF0A4F15.jpeg\" alt=\"\" width=\"828\" height=\"605\" class=\"aligncenter size-full wp-image-70632\" srcset=\"https:\/\/radiostargjilan.com\/web\/wp-content\/uploads\/2020\/12\/B1BBF493-5109-48C8-95C7-30C9BF0A4F15.jpeg 828w, https:\/\/radiostargjilan.com\/web\/wp-content\/uploads\/2020\/12\/B1BBF493-5109-48C8-95C7-30C9BF0A4F15-300x219.jpeg 300w, https:\/\/radiostargjilan.com\/web\/wp-content\/uploads\/2020\/12\/B1BBF493-5109-48C8-95C7-30C9BF0A4F15-768x561.jpeg 768w, https:\/\/radiostargjilan.com\/web\/wp-content\/uploads\/2020\/12\/B1BBF493-5109-48C8-95C7-30C9BF0A4F15-600x438.jpeg 600w\" sizes=\"auto, (max-width: 828px) 100vw, 828px\" \/><\/p>\n","protected":false},"excerpt":{"rendered":"<p>Q\u00eb \u00ebsht\u00eb mbajtur k\u00ebt\u00eb t\u00eb shtun\u00eb n\u00eb Gjilan e n\u00eb t\u00eb cilin kan\u00eb marr\u00eb pjes\u00eb k\u00ebng\u00ebtar\u00eb t\u00eb rinj me krijimet e tyre origjinale si kantautor\u00eb. Festivali \u00ebsht\u00eb zhvilluar n\u00ebn moton \u201cKompozo, K\u00ebndo, Garo!\u201d , ku u paraqiten 12 pjes\u00ebmarr\u00ebs, t\u00eb cil\u00ebt vijn\u00eb nga vende t\u00eb ndryshme si nga Kosova, por edhe nga Shqip\u00ebria. Sipas organizatorit [&hellip;]<\/p>\n","protected":false},"author":1,"featured_media":70633,"comment_status":"closed","ping_status":"closed","sticky":false,"template":"","format":"standard","meta":{"footnotes":""},"categories":[5],"tags":[],"class_list":{"0":"post-70631","1":"post","2":"type-post","3":"status-publish","4":"format-standard","5":"has-post-thumbnail","7":"category-lajme"},"_links":{"self":[{"href":"https:\/\/radiostargjilan.com\/web\/wp-json\/wp\/v2\/posts\/70631","targetHints":{"allow":["GET"]}}],"collection":[{"href":"https:\/\/radiostargjilan.com\/web\/wp-json\/wp\/v2\/posts"}],"about":[{"href":"https:\/\/radiostargjilan.com\/web\/wp-json\/wp\/v2\/types\/post"}],"author":[{"embeddable":true,"href":"https:\/\/radiostargjilan.com\/web\/wp-json\/wp\/v2\/users\/1"}],"replies":[{"embeddable":true,"href":"https:\/\/radiostargjilan.com\/web\/wp-json\/wp\/v2\/comments?post=70631"}],"version-history":[{"count":0,"href":"https:\/\/radiostargjilan.com\/web\/wp-json\/wp\/v2\/posts\/70631\/revisions"}],"wp:featuredmedia":[{"embeddable":true,"href":"https:\/\/radiostargjilan.com\/web\/wp-json\/wp\/v2\/media\/70633"}],"wp:attachment":[{"href":"https:\/\/radiostargjilan.com\/web\/wp-json\/wp\/v2\/media?parent=70631"}],"wp:term":[{"taxonomy":"category","embeddable":true,"href":"https:\/\/radiostargjilan.com\/web\/wp-json\/wp\/v2\/categories?post=70631"},{"taxonomy":"post_tag","embeddable":true,"href":"https:\/\/radiostargjilan.com\/web\/wp-json\/wp\/v2\/tags?post=70631"}],"curies":[{"name":"wp","href":"https:\/\/api.w.org\/{rel}","templated":true}]}}