{"id":70822,"date":"2020-12-16T19:38:07","date_gmt":"2020-12-16T19:38:07","guid":{"rendered":"https:\/\/radiostargjilan.com\/web\/?p=70822"},"modified":"2020-12-16T19:38:07","modified_gmt":"2020-12-16T19:38:07","slug":"vetevendosjes-ne-gjilan-i-bashkohet-mjeku-i-njohur-halil-ajvazi","status":"publish","type":"post","link":"https:\/\/radiostargjilan.com\/web\/vetevendosjes-ne-gjilan-i-bashkohet-mjeku-i-njohur-halil-ajvazi\/","title":{"rendered":"Vet\u00ebvendosjes n\u00eb Gjilan i bashkohet mjeku i njohur Halil Ajvazi"},"content":{"rendered":"<p>L\u00ebvizjes Vet\u00ebvendosje i \u00ebsht\u00eb bashkuar sot edhe mjeku i njohur gjilnas, dr sc. Halil Ajvazi, i cili \u00ebsht\u00eb oftalmolog.<\/p>\n<p>Lajmin \u00ebsht\u00eb b\u00ebr\u00eb i ditur nga faqja e Vet\u00ebvendosjes, duke zbuluar se Ajvazi iu \u00ebsht\u00eb bashkuar partis\u00eb q\u00eb udh\u00ebhiqet nga Albin Kurti.<\/p>\n<p>M\u00eb posht\u00eb keni postimin e plot\u00eb:<\/p>\n<p>\u2018Sot n\u00eb Qendr\u00ebn e L\u00ebvizjes VET\u00cbVENDOSJE! n\u00eb Gjilan, karvanit t\u00eb an\u00ebtar\u00ebsimeve t\u00eb reja, pas d\u00ebshir\u00ebs s\u00eb shprehur edhe m\u00eb her\u00ebt, iu bashkua edhe formalisht Dr.sc. Halil Ajvazi, MD, PHD, Oftalmolog, i cili nga sot e tutje shpreh gatishm\u00ebrin\u00eb q\u00eb t\u00ebr\u00eb potencialin e tij profesional e intelektual, ta jap p\u00ebr dhe n\u00eb p\u00ebrkrahje t\u00eb L\u00ebvizjes VET\u00cbVENDOSJE!, si subjekt politik, tek i cili pjesa m\u00eb e madhe e qytetar\u00ebve ushqejn\u00eb shpresa p\u00ebr ndryshime t\u00eb m\u00ebdha e pozitive, aktualisht edhe n\u00eb t\u00eb ardhmen. Kryetari i QLVV-s\u00eb n\u00eb Gjilan Nevzad Isufi, bashk\u00eb me disa aktivist\u00eb nga Qendra jon\u00eb e mir\u00ebprit\u00ebn doktorin e nderuar dhe i d\u00ebshiruan mir\u00ebseardhje\u2019<\/p>\n","protected":false},"excerpt":{"rendered":"<p>L\u00ebvizjes Vet\u00ebvendosje i \u00ebsht\u00eb bashkuar sot edhe mjeku i njohur gjilnas, dr sc. Halil Ajvazi, i cili \u00ebsht\u00eb oftalmolog. Lajmin \u00ebsht\u00eb b\u00ebr\u00eb i ditur nga faqja e Vet\u00ebvendosjes, duke zbuluar se Ajvazi iu \u00ebsht\u00eb bashkuar partis\u00eb q\u00eb udh\u00ebhiqet nga Albin Kurti. M\u00eb posht\u00eb keni postimin e plot\u00eb: \u2018Sot n\u00eb Qendr\u00ebn e L\u00ebvizjes VET\u00cbVENDOSJE! n\u00eb Gjilan, [&hellip;]<\/p>\n","protected":false},"author":1,"featured_media":70823,"comment_status":"closed","ping_status":"closed","sticky":false,"template":"","format":"standard","meta":{"footnotes":""},"categories":[5],"tags":[],"class_list":{"0":"post-70822","1":"post","2":"type-post","3":"status-publish","4":"format-standard","5":"has-post-thumbnail","7":"category-lajme"},"_links":{"self":[{"href":"https:\/\/radiostargjilan.com\/web\/wp-json\/wp\/v2\/posts\/70822","targetHints":{"allow":["GET"]}}],"collection":[{"href":"https:\/\/radiostargjilan.com\/web\/wp-json\/wp\/v2\/posts"}],"about":[{"href":"https:\/\/radiostargjilan.com\/web\/wp-json\/wp\/v2\/types\/post"}],"author":[{"embeddable":true,"href":"https:\/\/radiostargjilan.com\/web\/wp-json\/wp\/v2\/users\/1"}],"replies":[{"embeddable":true,"href":"https:\/\/radiostargjilan.com\/web\/wp-json\/wp\/v2\/comments?post=70822"}],"version-history":[{"count":0,"href":"https:\/\/radiostargjilan.com\/web\/wp-json\/wp\/v2\/posts\/70822\/revisions"}],"wp:featuredmedia":[{"embeddable":true,"href":"https:\/\/radiostargjilan.com\/web\/wp-json\/wp\/v2\/media\/70823"}],"wp:attachment":[{"href":"https:\/\/radiostargjilan.com\/web\/wp-json\/wp\/v2\/media?parent=70822"}],"wp:term":[{"taxonomy":"category","embeddable":true,"href":"https:\/\/radiostargjilan.com\/web\/wp-json\/wp\/v2\/categories?post=70822"},{"taxonomy":"post_tag","embeddable":true,"href":"https:\/\/radiostargjilan.com\/web\/wp-json\/wp\/v2\/tags?post=70822"}],"curies":[{"name":"wp","href":"https:\/\/api.w.org\/{rel}","templated":true}]}}