{"id":70832,"date":"2020-12-17T09:34:14","date_gmt":"2020-12-17T09:34:14","guid":{"rendered":"https:\/\/radiostargjilan.com\/web\/?p=70832"},"modified":"2020-12-17T09:34:14","modified_gmt":"2020-12-17T09:34:14","slug":"kryetaret-e-komunave-kundershtojne-mbylljen-totale","status":"publish","type":"post","link":"https:\/\/radiostargjilan.com\/web\/kryetaret-e-komunave-kundershtojne-mbylljen-totale\/","title":{"rendered":"Kryetar\u00ebt e komunave kund\u00ebrshtojn\u00eb mbylljen totale"},"content":{"rendered":"<p>Asociacioni i Komunave t\u00eb Kosov\u00ebs s\u00eb bashku me K\u00ebshillin e kryetar\u00ebve dhe p\u00ebrfaq\u00ebsues t\u00eb nivelit qendror kan\u00eb diskutuar sa i p\u00ebrket nd\u00ebrmarrjes s\u00eb  masave anti-Covid n\u00eb Kosov\u00eb, k\u00ebshtu ka th\u00ebn\u00eb , kryetari i k\u00ebtij asociacioni Sazan Ibrahimi.<\/p>\n<p>Tutje, ai shtoi se kryetar\u00ebt e komunave kan\u00eb k\u00ebrkuar vazhdimin e masave aktuale edhe n\u00eb t\u00eb ardhmen por jo mbyllje totale.<\/p>\n<p>\u201cAsociacioni i Komunave t\u00eb Kosov\u00ebs ka organizuar takimin e k\u00ebshillit t\u00eb kryetar\u00ebve me p\u00ebrfaq\u00ebsues t\u00eb nivelit qendror sa i p\u00ebrket masave anti-Covid t\u00eb cilat jan\u00eb duke u nd\u00ebrmarr\u00eb n\u00eb Kosov\u00eb. N\u00eb k\u00ebt\u00eb takim jan\u00eb diskutuar masat aktuale dhe kryetar\u00ebt e komunave kan\u00eb k\u00ebrkuar q\u00eb k\u00ebto masa t\u00eb vazhdohen edhe m\u00eb tutje\u201d.<\/p>\n<p>\u201cKategorizimi i komunave sa i p\u00ebrket numrit t\u00eb rasteve t\u00eb infektuara me 100 mij\u00eb banor\u00eb \u00ebsht\u00eb treguar si suksessh\u00ebm kategorizimi p\u00ebrmes ngjyrave dhe kryetar\u00ebt e komunave kan\u00eb konkluduar q\u00eb k\u00ebto masa duhet t\u00eb vazhdohen edhe n\u00eb t\u00eb ardhmen\u201d, shtoi Ibrahimi.<\/p>\n<p>Kryetari i Asociacionit t\u00eb Komunave t\u00eb Kosov\u00ebs Sazan Ibrahimi theksoi se trendi i numrit t\u00eb infektuarve \u00ebsht\u00eb n\u00eb r\u00ebnie e sip\u00ebr, k\u00ebshtu q\u00eb nuk \u00ebsht\u00eb e arsyeshme t\u00eb shkohet me masa shtr\u00ebnguese, raporton EO.<\/p>\n<p>Sipas tij, kryetar\u00ebt e komunave nuk jan\u00eb pro mbylljes totale.<\/p>\n<p>\u201cDuke marr\u00eb parasysh q\u00eb trendi i numrit t\u00eb t\u00eb infektuarve \u00ebsht\u00eb n\u00eb r\u00ebnie e sip\u00ebr at\u00ebher\u00eb shpresojm\u00eb q\u00eb nj\u00eb trend i till\u00eb do t\u00eb vazhdoj\u00eb edhe n\u00eb t\u00eb ardhmen. Kryetar\u00ebt e komunave nuk jan\u00eb pro mbylljes totale. Kryetar\u00ebt i kan\u00eb dh\u00ebn\u00eb mb\u00ebshtetje masave aktuale sepse jan\u00eb treguar t\u00eb suksesshme\u201d.<\/p>\n<p>\u201cN\u00ebse flasim me p\u00ebrqindje t\u00eb t\u00eb infektuarve \u00ebsht\u00eb n\u00eb r\u00ebnie e sip\u00ebr, at\u00ebher\u00eb nuk e shohim t\u00eb arsyeshme q\u00eb t\u00eb shkohet me shtr\u00ebngim t\u00eb masave. Mir\u00ebpo n\u00ebse situata ndryshon at\u00ebher\u00eb K\u00ebshilli i kryetar\u00ebve  duhet t\u00eb ulet me p\u00ebrfaq\u00ebsues t\u00eb nivelit qendror p\u00ebr t\u00eb diskutuar masat e parapara q\u00eb mund t\u00eb ndodhin n\u00eb t\u00eb ardhmen\u201d.<\/p>\n","protected":false},"excerpt":{"rendered":"<p>Asociacioni i Komunave t\u00eb Kosov\u00ebs s\u00eb bashku me K\u00ebshillin e kryetar\u00ebve dhe p\u00ebrfaq\u00ebsues t\u00eb nivelit qendror kan\u00eb diskutuar sa i p\u00ebrket nd\u00ebrmarrjes s\u00eb masave anti-Covid n\u00eb Kosov\u00eb, k\u00ebshtu ka th\u00ebn\u00eb , kryetari i k\u00ebtij asociacioni Sazan Ibrahimi. Tutje, ai shtoi se kryetar\u00ebt e komunave kan\u00eb k\u00ebrkuar vazhdimin e masave aktuale edhe n\u00eb t\u00eb ardhmen por [&hellip;]<\/p>\n","protected":false},"author":1,"featured_media":70799,"comment_status":"closed","ping_status":"closed","sticky":false,"template":"","format":"standard","meta":{"footnotes":""},"categories":[5],"tags":[],"class_list":{"0":"post-70832","1":"post","2":"type-post","3":"status-publish","4":"format-standard","5":"has-post-thumbnail","7":"category-lajme"},"_links":{"self":[{"href":"https:\/\/radiostargjilan.com\/web\/wp-json\/wp\/v2\/posts\/70832","targetHints":{"allow":["GET"]}}],"collection":[{"href":"https:\/\/radiostargjilan.com\/web\/wp-json\/wp\/v2\/posts"}],"about":[{"href":"https:\/\/radiostargjilan.com\/web\/wp-json\/wp\/v2\/types\/post"}],"author":[{"embeddable":true,"href":"https:\/\/radiostargjilan.com\/web\/wp-json\/wp\/v2\/users\/1"}],"replies":[{"embeddable":true,"href":"https:\/\/radiostargjilan.com\/web\/wp-json\/wp\/v2\/comments?post=70832"}],"version-history":[{"count":0,"href":"https:\/\/radiostargjilan.com\/web\/wp-json\/wp\/v2\/posts\/70832\/revisions"}],"wp:featuredmedia":[{"embeddable":true,"href":"https:\/\/radiostargjilan.com\/web\/wp-json\/wp\/v2\/media\/70799"}],"wp:attachment":[{"href":"https:\/\/radiostargjilan.com\/web\/wp-json\/wp\/v2\/media?parent=70832"}],"wp:term":[{"taxonomy":"category","embeddable":true,"href":"https:\/\/radiostargjilan.com\/web\/wp-json\/wp\/v2\/categories?post=70832"},{"taxonomy":"post_tag","embeddable":true,"href":"https:\/\/radiostargjilan.com\/web\/wp-json\/wp\/v2\/tags?post=70832"}],"curies":[{"name":"wp","href":"https:\/\/api.w.org\/{rel}","templated":true}]}}