{"id":70865,"date":"2020-12-17T21:41:56","date_gmt":"2020-12-17T21:41:56","guid":{"rendered":"https:\/\/radiostargjilan.com\/web\/?p=70865"},"modified":"2020-12-17T21:41:56","modified_gmt":"2020-12-17T21:41:56","slug":"superkupa-e-kosoves-ndermjet-drites-dhe-prishtines-mund-te-zhvillohet-ne-turqi","status":"publish","type":"post","link":"https:\/\/radiostargjilan.com\/web\/superkupa-e-kosoves-ndermjet-drites-dhe-prishtines-mund-te-zhvillohet-ne-turqi\/","title":{"rendered":"Superkupa e Kosov\u00ebs nd\u00ebrmjet Drit\u00ebs dhe Prishtin\u00ebs mund t\u00eb zhvillohet n\u00eb Turqi!"},"content":{"rendered":"<p>Drita si fituese e titullit t\u00eb kampionit dhe Prishtina si fituese e Kup\u00ebs s\u00eb Kosov\u00ebs, kan\u00eb mbetur pa e zhvilluar ndeshjen e Superkup\u00ebs s\u00eb Kosov\u00ebs p\u00ebr edicionin e kaluar (2019\/2020).<\/p>\n<p>Kjo ndeshje \u00ebsht\u00eb shtyr\u00eb p\u00ebr shkak t\u00eb nd\u00ebrprerjes s\u00eb kampionatit n\u00eb mars t\u00eb k\u00ebtij viti p\u00ebr shkak t\u00eb pandemis\u00eb COVID-19 dhe orarit t\u00eb ngjeshur sikurse n\u00eb vazhdim t\u00eb kampionatit ashtu edhe n\u00eb stinorin vjeshtor t\u00eb k\u00ebtij edicioni.<\/p>\n<p>Dy klubet kan\u00eb diskutuar q\u00eb ndeshjen e Superkup\u00ebs ta zhvillojn\u00eb n\u00eb Antalia t\u00eb Turqis\u00eb gjat\u00eb faz\u00ebs p\u00ebrgatitore q\u00eb k\u00ebto skuadra do ta zhvillojn\u00eb n\u00eb k\u00ebt\u00eb vend gjat\u00eb mesit t\u00eb janarit t\u00eb vitit q\u00eb po vjen, ka raportuar \u201cZ\u00ebri\u201d.<\/p>\n<p>P\u00ebr Federat\u00ebn e Futbollit t\u00eb Kosov\u00ebs, nuk ka asnj\u00eb problem q\u00eb ky duel t\u00eb zhvillohet n\u00eb Turqi n\u00ebse skuadrat dakordohen p\u00ebr nj\u00eb gj\u00eb t\u00eb till\u00eb.<\/p>\n<p>\u201cNuk \u00ebsht\u00eb ide e keqe. N\u00ebse klubet dakordohen q\u00eb ta zhvillojn\u00eb Superkup\u00ebn n\u00eb Turqi, p\u00ebr neve nuk ka problem\u201d, ka th\u00ebn\u00eb sekretari gjeneral i FFK-s\u00eb, Eroll Salihu p\u00ebr \u201cZ\u00ebri\u201d.<\/p>\n<p>N\u00ebse klubet merren vesh q\u00eb t\u00eb luajn\u00eb n\u00eb Turqi, do t\u00eb ishte hera e par\u00eb q\u00eb skuadrat kosovare do t\u00eb \u201cluftonin\u201d p\u00ebr nj\u00eb trofe jasht\u00eb vendit.<\/p>\n<p>Ndryshe, praktika t\u00eb tilla p\u00ebrdorin edhe klube nga kampionate t\u00eb forta evropiane teksa p\u00ebr Superkupa zakonisht luajn\u00eb n\u00eb vende arabe apo edhe n\u00eb Kin\u00eb.<\/p>\n","protected":false},"excerpt":{"rendered":"<p>Drita si fituese e titullit t\u00eb kampionit dhe Prishtina si fituese e Kup\u00ebs s\u00eb Kosov\u00ebs, kan\u00eb mbetur pa e zhvilluar ndeshjen e Superkup\u00ebs s\u00eb Kosov\u00ebs p\u00ebr edicionin e kaluar (2019\/2020). Kjo ndeshje \u00ebsht\u00eb shtyr\u00eb p\u00ebr shkak t\u00eb nd\u00ebrprerjes s\u00eb kampionatit n\u00eb mars t\u00eb k\u00ebtij viti p\u00ebr shkak t\u00eb pandemis\u00eb COVID-19 dhe orarit t\u00eb ngjeshur sikurse [&hellip;]<\/p>\n","protected":false},"author":1,"featured_media":70866,"comment_status":"closed","ping_status":"closed","sticky":false,"template":"","format":"standard","meta":{"footnotes":""},"categories":[5],"tags":[],"class_list":{"0":"post-70865","1":"post","2":"type-post","3":"status-publish","4":"format-standard","5":"has-post-thumbnail","7":"category-lajme"},"_links":{"self":[{"href":"https:\/\/radiostargjilan.com\/web\/wp-json\/wp\/v2\/posts\/70865","targetHints":{"allow":["GET"]}}],"collection":[{"href":"https:\/\/radiostargjilan.com\/web\/wp-json\/wp\/v2\/posts"}],"about":[{"href":"https:\/\/radiostargjilan.com\/web\/wp-json\/wp\/v2\/types\/post"}],"author":[{"embeddable":true,"href":"https:\/\/radiostargjilan.com\/web\/wp-json\/wp\/v2\/users\/1"}],"replies":[{"embeddable":true,"href":"https:\/\/radiostargjilan.com\/web\/wp-json\/wp\/v2\/comments?post=70865"}],"version-history":[{"count":0,"href":"https:\/\/radiostargjilan.com\/web\/wp-json\/wp\/v2\/posts\/70865\/revisions"}],"wp:featuredmedia":[{"embeddable":true,"href":"https:\/\/radiostargjilan.com\/web\/wp-json\/wp\/v2\/media\/70866"}],"wp:attachment":[{"href":"https:\/\/radiostargjilan.com\/web\/wp-json\/wp\/v2\/media?parent=70865"}],"wp:term":[{"taxonomy":"category","embeddable":true,"href":"https:\/\/radiostargjilan.com\/web\/wp-json\/wp\/v2\/categories?post=70865"},{"taxonomy":"post_tag","embeddable":true,"href":"https:\/\/radiostargjilan.com\/web\/wp-json\/wp\/v2\/tags?post=70865"}],"curies":[{"name":"wp","href":"https:\/\/api.w.org\/{rel}","templated":true}]}}