{"id":70950,"date":"2020-12-19T17:27:35","date_gmt":"2020-12-19T17:27:35","guid":{"rendered":"https:\/\/radiostargjilan.com\/web\/?p=70950"},"modified":"2020-12-19T17:27:35","modified_gmt":"2020-12-19T17:27:35","slug":"hoti-i-reagon-vuciqit-ska-marreveshje-me-serbine-pa-njohje-reciproke","status":"publish","type":"post","link":"https:\/\/radiostargjilan.com\/web\/hoti-i-reagon-vuciqit-ska-marreveshje-me-serbine-pa-njohje-reciproke\/","title":{"rendered":"Hoti i reagon Vu\u00e7iqit: S\u2019ka marr\u00ebveshje me Serbin\u00eb pa njohje reciproke"},"content":{"rendered":"<p>Kryeministri i vendit, Avdullah Hoti i \u00ebsht\u00eb p\u00ebrgjigjur presidentit serb, Aleksandar Vu\u00e7iq, lidhur me deklaratat e tij se sa \u00ebsht\u00eb ai president, Serbia nuk do ta njoh\u00eb Kosov\u00ebn.<\/p>\n<p>Sipas Hotit nuk do t\u00eb ket\u00eb marr\u00ebveshje finale me Serbin\u00eb pa pasur njohje reciproke.<\/p>\n<p>Kryeministri ka th\u00ebn\u00eb se deklaratat se fqinji yn\u00eb verior nuk do ta njoh\u00eb pavar\u00ebsin\u00eb e Kosov\u00ebs nuk i kontribuojn\u00eb dialogut i cili sipas tij ka rifilluar me parime t\u00eb qarta p\u00ebr marr\u00ebveshje p\u00ebrfundimtare dhe normalizim t\u00eb marr\u00ebdh\u00ebnieve.<\/p>\n<p>\u201cNuk ka marr\u00ebveshje me Serbin\u00eb pa njohje reciproke<\/p>\n<p>Kosova mbetet e p\u00ebrkushtuar q\u00eb t\u00eb gjitha \u00e7\u00ebshtjet e hapura me Serbin\u00eb t\u00eb p\u00ebrmbyllen p\u00ebrmes dialogut, i cili po zhvillohet n\u00eb Bruksel, me nd\u00ebrmjet\u00ebsimin e BE-s\u00eb. Deklaratat se fqinji yn\u00eb verior nuk do ta njoh\u00eb pavar\u00ebsin\u00eb e Kosov\u00ebs nuk i kontribuojn\u00eb dialogut. Dialogu ka rifilluar mbi parime t\u00eb qarta p\u00ebr marr\u00ebveshje p\u00ebrfundimtare p\u00ebr normalizim t\u00eb marr\u00ebdh\u00ebnieve dhe njohje reciproke, dhe nuk do t\u00eb ket\u00eb marr\u00ebveshje t\u00eb pjesshme. N\u00ebse nuk do t\u00eb ket\u00eb njohje reciproke, at\u00ebher\u00eb nuk do t\u00eb ket\u00eb as marr\u00ebveshje.<\/p>\n<p>Kosova do t\u00eb vazhdoj\u00eb rrug\u00ebn drejt Bashkimit Evropian\u201d, ka shkruar Hoti.<\/p>\n","protected":false},"excerpt":{"rendered":"<p>Kryeministri i vendit, Avdullah Hoti i \u00ebsht\u00eb p\u00ebrgjigjur presidentit serb, Aleksandar Vu\u00e7iq, lidhur me deklaratat e tij se sa \u00ebsht\u00eb ai president, Serbia nuk do ta njoh\u00eb Kosov\u00ebn. Sipas Hotit nuk do t\u00eb ket\u00eb marr\u00ebveshje finale me Serbin\u00eb pa pasur njohje reciproke. Kryeministri ka th\u00ebn\u00eb se deklaratat se fqinji yn\u00eb verior nuk do ta njoh\u00eb [&hellip;]<\/p>\n","protected":false},"author":1,"featured_media":70951,"comment_status":"closed","ping_status":"closed","sticky":false,"template":"","format":"standard","meta":{"footnotes":""},"categories":[5],"tags":[],"class_list":{"0":"post-70950","1":"post","2":"type-post","3":"status-publish","4":"format-standard","5":"has-post-thumbnail","7":"category-lajme"},"_links":{"self":[{"href":"https:\/\/radiostargjilan.com\/web\/wp-json\/wp\/v2\/posts\/70950","targetHints":{"allow":["GET"]}}],"collection":[{"href":"https:\/\/radiostargjilan.com\/web\/wp-json\/wp\/v2\/posts"}],"about":[{"href":"https:\/\/radiostargjilan.com\/web\/wp-json\/wp\/v2\/types\/post"}],"author":[{"embeddable":true,"href":"https:\/\/radiostargjilan.com\/web\/wp-json\/wp\/v2\/users\/1"}],"replies":[{"embeddable":true,"href":"https:\/\/radiostargjilan.com\/web\/wp-json\/wp\/v2\/comments?post=70950"}],"version-history":[{"count":0,"href":"https:\/\/radiostargjilan.com\/web\/wp-json\/wp\/v2\/posts\/70950\/revisions"}],"wp:featuredmedia":[{"embeddable":true,"href":"https:\/\/radiostargjilan.com\/web\/wp-json\/wp\/v2\/media\/70951"}],"wp:attachment":[{"href":"https:\/\/radiostargjilan.com\/web\/wp-json\/wp\/v2\/media?parent=70950"}],"wp:term":[{"taxonomy":"category","embeddable":true,"href":"https:\/\/radiostargjilan.com\/web\/wp-json\/wp\/v2\/categories?post=70950"},{"taxonomy":"post_tag","embeddable":true,"href":"https:\/\/radiostargjilan.com\/web\/wp-json\/wp\/v2\/tags?post=70950"}],"curies":[{"name":"wp","href":"https:\/\/api.w.org\/{rel}","templated":true}]}}