{"id":71032,"date":"2020-12-21T16:33:43","date_gmt":"2020-12-21T16:33:43","guid":{"rendered":"https:\/\/radiostargjilan.com\/web\/?p=71032"},"modified":"2020-12-21T16:33:43","modified_gmt":"2020-12-21T16:33:43","slug":"java-vendimtare-per-president-nehat-idrizi-emri-me-i-lakuar","status":"publish","type":"post","link":"https:\/\/radiostargjilan.com\/web\/java-vendimtare-per-president-nehat-idrizi-emri-me-i-lakuar\/","title":{"rendered":"JAVA VENDIMTARE P\u00cbR PRESIDENT, NEHAT IDRIZI EMRI M\u00cb I LAKUAR"},"content":{"rendered":"<p>Kosova po hyn n\u00eb jav\u00ebn vendimtare p\u00ebr zgjedhjen e Presidentit t\u00eb Republik\u00ebs s\u00eb Kosov\u00ebs, kur ose duhet t\u00eb zgjidhet ose vendi t\u00eb shkoj\u00eb n\u00eb zgjedhje t\u00eb parakoh\u00ebshme. Partit\u00eb nuk kan\u00eb dal\u00eb n\u00eb publik me asnj\u0113 em\u00ebr, nd\u00ebrkoh\u00eb q\u00eb Nehat Idrizi, ish Kryetar i K\u00ebshillit Gjyq\u00ebsor t\u00eb Kosov\u00ebs deri tani po p\u00ebrmendet si kandiadatura kryesore konsensuale, pasi vjen nga jeta profesionale dhe jopartiake.<\/p>\n<p>Kosova ka hyr\u00eb sot  n\u00eb nj\u00eb prej jav\u00ebve vendimtare, kur partit\u00eb politike duhe  t\u00eb zgjedhin nj\u00eb em\u00ebr konsensual p\u00ebr president t\u00eb vendit duke e votuar n\u00eb Parlament, ose vendi do hyj\u00eb n\u00eb nj\u00eb kriz\u00eb t\u00eb r\u00ebnd\u00eb dhe drejt zgjedhjeve t\u00eb parakoh\u00ebshme, dhe pa president q\u00eb do mund t\u00eb dekretonte fituesit e zgjedhjeve dhe qeverin\u00eb e ardhshme. <\/p>\n<p>Kjo p\u00ebr fakti  se ushtruesja e detyr\u00ebs s\u00eb Presidentit t\u00eb Kosov\u00ebs, Vjosa Osmani, mund t\u00eb ushtroj\u00eb k\u00ebt\u00eb detyr\u00eb maksimalisht p\u00ebr 6 muaj. <\/p>\n<p>Rrezikun e moszgjedhjes s\u00eb Presidentit e paralajm\u00ebroi edhe kryetari i qeveris\u00eb, Avdullah Hoti. <\/p>\n<p>&#8220;Jemi para nj\u00eb fakti t\u00eb r\u00ebnd\u00eb q\u00eb ose na duhet nj\u00eb em\u00ebr konsensual dhe t\u00eb gjitha partit\u00eb ta votojn\u00eb ose e ardhmja e vendit po shkon drejt nj\u00eb rruge t\u00eb panjohur, drejt nj\u00eb bllokimi me rrezik stabilitetin e vendit&#8221; .<\/p>\n<p>Kjo situat\u00eb \u00ebsht\u00eb paralajm\u00ebruar nga shum\u00eb figura dhe ekspert\u00eb t\u00eb ndrysh\u00ebm q\u00eb kan\u00eb theksuar se mungesa e nj\u00eb zgjidhje \u00e7on vendin n\u00eb situata t\u00eb rrezikshme dhe t\u00eb panjohura m\u00eb par\u00eb. <\/p>\n<p>Partit\u00eb politike ende nuk kan\u00eb r\u00ebn\u00eb dakord p\u0113r nj\u00eb em\u00ebr konkret, p\u00ebrjashto AAK-n\u00eb e cila ka dal\u00eb me emrin e Ramush Haradinajt. <\/p>\n<p>Por kjo mund\u00ebsi \u00ebsht\u00eb refuzuar nga PDK-ja, zyrtar\u00ebt e s\u00eb cil\u00ebs e kan\u00eb p\u00ebrjashtuar dh\u00ebnien e k\u00ebsaj pozite p\u00ebr ndonj\u00eb figur\u00eb tjet\u00ebr jasht\u00eb PDK-s\u00eb. <\/p>\n<p>Anash k\u00ebsai, figura tjet\u00ebr e gjyq\u00ebsorit, Nehat Idrizi, i cili p\u00ebr nj\u00eb koh\u00eb ushtroi pozit\u00ebn e Kryetarit t\u00eb K\u00ebshillit Gjyq\u00ebsor t\u0113 Kosov\u00ebs, po p\u00ebrmendet si nj\u00eb em\u00ebr potencial dhe konsensual p\u00ebr President t\u00eb vendit.<\/p>\n<p>Idrizi thuhet se g\u00ebzon mb\u00ebshtetjen amerikane p\u00ebr president konsensual. <\/p>\n<p>P\u00ebr m\u00eb tep\u00ebr njoftimet mediale potencojn\u00eb q\u00eb p\u00ebr zgjedhjen e Idrizit \u00ebsht\u00eb biseduar dhe me kreun e VV-s\u00eb, Albin Kurti, fakt q\u00eb nuk \u00ebsht\u00eb p\u00ebrg\u00ebnjeshtuar nga ky i fundit. <\/p>\n<p>Kryeministri i Kosov\u00ebs, Avdullah Hoti as sot nuk ka dh\u00ebn\u00eb dat\u00eb p\u00ebr organizimin e takimit t\u00eb lider\u00ebve politik lidhur me postin e presidentit. <\/p>\n<p>Ai tha se jan\u00eb duke munduar t\u00eb organizojn\u00eb sa m\u00eb par\u00eb takimin, por i pyetur nga KosovaPress, n\u00ebse ka ndonj\u00eb afat kohor se deri kur do t\u00eb tentohet t\u00eb gjendet nj\u00eb zgjidhje, Hoti dha nj\u00eb paralajm\u00ebrim p\u00ebr spektrin politik se n\u00ebse nuk arrihet nj\u00eb marr\u00ebveshje sa m\u00eb shpejt\u00eb, muaji janar mund t\u00eb jet\u00eb edhe von\u00eb p\u00ebr zgjidhjen e k\u00ebsaj \u00e7\u00ebshtje. <\/p>\n<p>\u201cJemi duke u munduar t\u00eb organizojm\u00eb sa m\u00eb par\u00eb takimin, tash ftesa formale t\u00eb shkruara nuk kemi b\u00ebr\u00eb, por jemi duke tentuar q\u00eb sa m\u00eb par\u00eb t\u00eb gjejm\u00eb nj\u00eb zgjidhje\u2026un\u00eb besoj q\u00eb edhe janari \u00ebsht\u00eb von\u00eb, por gjith\u00ebsi sa m\u00eb par\u00eb\u201d, tha ai.<\/p>\n","protected":false},"excerpt":{"rendered":"<p>Kosova po hyn n\u00eb jav\u00ebn vendimtare p\u00ebr zgjedhjen e Presidentit t\u00eb Republik\u00ebs s\u00eb Kosov\u00ebs, kur ose duhet t\u00eb zgjidhet ose vendi t\u00eb shkoj\u00eb n\u00eb zgjedhje t\u00eb parakoh\u00ebshme. Partit\u00eb nuk kan\u00eb dal\u00eb n\u00eb publik me asnj\u0113 em\u00ebr, nd\u00ebrkoh\u00eb q\u00eb Nehat Idrizi, ish Kryetar i K\u00ebshillit Gjyq\u00ebsor t\u00eb Kosov\u00ebs deri tani po p\u00ebrmendet si kandiadatura kryesore konsensuale, [&hellip;]<\/p>\n","protected":false},"author":1,"featured_media":70717,"comment_status":"closed","ping_status":"closed","sticky":false,"template":"","format":"standard","meta":{"footnotes":""},"categories":[5],"tags":[],"class_list":{"0":"post-71032","1":"post","2":"type-post","3":"status-publish","4":"format-standard","5":"has-post-thumbnail","7":"category-lajme"},"_links":{"self":[{"href":"https:\/\/radiostargjilan.com\/web\/wp-json\/wp\/v2\/posts\/71032","targetHints":{"allow":["GET"]}}],"collection":[{"href":"https:\/\/radiostargjilan.com\/web\/wp-json\/wp\/v2\/posts"}],"about":[{"href":"https:\/\/radiostargjilan.com\/web\/wp-json\/wp\/v2\/types\/post"}],"author":[{"embeddable":true,"href":"https:\/\/radiostargjilan.com\/web\/wp-json\/wp\/v2\/users\/1"}],"replies":[{"embeddable":true,"href":"https:\/\/radiostargjilan.com\/web\/wp-json\/wp\/v2\/comments?post=71032"}],"version-history":[{"count":0,"href":"https:\/\/radiostargjilan.com\/web\/wp-json\/wp\/v2\/posts\/71032\/revisions"}],"wp:featuredmedia":[{"embeddable":true,"href":"https:\/\/radiostargjilan.com\/web\/wp-json\/wp\/v2\/media\/70717"}],"wp:attachment":[{"href":"https:\/\/radiostargjilan.com\/web\/wp-json\/wp\/v2\/media?parent=71032"}],"wp:term":[{"taxonomy":"category","embeddable":true,"href":"https:\/\/radiostargjilan.com\/web\/wp-json\/wp\/v2\/categories?post=71032"},{"taxonomy":"post_tag","embeddable":true,"href":"https:\/\/radiostargjilan.com\/web\/wp-json\/wp\/v2\/tags?post=71032"}],"curies":[{"name":"wp","href":"https:\/\/api.w.org\/{rel}","templated":true}]}}