{"id":71303,"date":"2020-12-26T12:30:51","date_gmt":"2020-12-26T12:30:51","guid":{"rendered":"https:\/\/radiostargjilan.com\/web\/?p=71303"},"modified":"2020-12-26T12:30:51","modified_gmt":"2020-12-26T12:30:51","slug":"bajram-hasani-godet-nismen-social-demokrate-po-te-garonit-te-vetem-do-arrinit-2","status":"publish","type":"post","link":"https:\/\/radiostargjilan.com\/web\/bajram-hasani-godet-nismen-social-demokrate-po-te-garonit-te-vetem-do-arrinit-2\/","title":{"rendered":"Bajram Hasani godet Nism\u00ebn Social Demokrate: Po t\u00eb garonit t\u00eb vet\u00ebm do arrinit 2%"},"content":{"rendered":"<p>Ish ministi i Ministris\u00eb s\u00eb Tregtis\u00eb dhe Industris\u00eb, Bajram Hasani, ku m\u00eb par\u00eb ishte pjes\u00eb e Nism\u00ebs Social Demokrat, p\u00ebrmes nj\u00eb shkrimi ka th\u00ebn\u00eb se Nisma e ka nuhatur mir\u00eb rrezikun q\u00eb po i kanoset.<\/p>\n<p>Hasani m\u00eb tutje ka th\u00ebn\u00eb se Nisma po t\u00eb garonte e vet\u00ebm nuk do t\u00eb arrinte t\u00eb merrte m\u00eb shum\u00eb 2%.<\/p>\n<p>Bajram Hasani, tani \u00ebsht\u00eb pjes\u00eb e partis\u00eb Aleanca p\u00ebr Ardhm\u00ebrin\u00eb e Kosov\u00ebs.<\/p>\n<p>Shkrimi i plot\u00eb:<\/p>\n<p>N\u00ebse kurgjo tjet\u00ebr, Nisma e ka nuhatur mir\u00eb rrezikun q\u00eb i po i kanoset, sepse \u00ebsht\u00eb larg pragut, ka filluar flirtin me PDK-n\u00eb e LDK-n\u00eb.<\/p>\n<p>Nisma i ka 10-12 mij\u00eb vota dhe n\u00eb koalicion me cil\u00ebndo parti vet\u00ebm do ta d\u00ebmtonte duke ia marr\u00eb deri n\u00eb pes\u00eb deputet\u00eb, sepse i organizojn\u00eb strukturat q\u00eb vot\u00ebn ta orientojn\u00eb n\u00eb nj\u00eb list\u00eb prej 5 personave. Kurse po t\u00eb garonte e vetme nuk do t&#8217;i arrinte as 2%.<\/p>\n<p>Shp\u00ebtimin e vet\u00ebm Nisma e sheh n\u00ebn ombrell\u00ebn e ndonj\u00eb partie t\u00eb madhe, p\u00ebrndryshe parlamenti e sheh vet\u00ebm nga TV.<\/p>\n<p>Po m\u00eb b\u00ebn p\u00ebrshtypje edhe transformimi i Bilall Sherifit. Nga njeriu q\u00eb villte vrer\u00eb kund\u00ebr PDK-s\u00eb n\u00eb njeri q\u00eb n\u00eb \u00e7do paraqitje flirton me ta.<\/p>\n","protected":false},"excerpt":{"rendered":"<p>Ish ministi i Ministris\u00eb s\u00eb Tregtis\u00eb dhe Industris\u00eb, Bajram Hasani, ku m\u00eb par\u00eb ishte pjes\u00eb e Nism\u00ebs Social Demokrat, p\u00ebrmes nj\u00eb shkrimi ka th\u00ebn\u00eb se Nisma e ka nuhatur mir\u00eb rrezikun q\u00eb po i kanoset. Hasani m\u00eb tutje ka th\u00ebn\u00eb se Nisma po t\u00eb garonte e vet\u00ebm nuk do t\u00eb arrinte t\u00eb merrte m\u00eb shum\u00eb [&hellip;]<\/p>\n","protected":false},"author":1,"featured_media":71304,"comment_status":"closed","ping_status":"closed","sticky":false,"template":"","format":"standard","meta":{"footnotes":""},"categories":[5],"tags":[],"class_list":{"0":"post-71303","1":"post","2":"type-post","3":"status-publish","4":"format-standard","5":"has-post-thumbnail","7":"category-lajme"},"_links":{"self":[{"href":"https:\/\/radiostargjilan.com\/web\/wp-json\/wp\/v2\/posts\/71303","targetHints":{"allow":["GET"]}}],"collection":[{"href":"https:\/\/radiostargjilan.com\/web\/wp-json\/wp\/v2\/posts"}],"about":[{"href":"https:\/\/radiostargjilan.com\/web\/wp-json\/wp\/v2\/types\/post"}],"author":[{"embeddable":true,"href":"https:\/\/radiostargjilan.com\/web\/wp-json\/wp\/v2\/users\/1"}],"replies":[{"embeddable":true,"href":"https:\/\/radiostargjilan.com\/web\/wp-json\/wp\/v2\/comments?post=71303"}],"version-history":[{"count":0,"href":"https:\/\/radiostargjilan.com\/web\/wp-json\/wp\/v2\/posts\/71303\/revisions"}],"wp:featuredmedia":[{"embeddable":true,"href":"https:\/\/radiostargjilan.com\/web\/wp-json\/wp\/v2\/media\/71304"}],"wp:attachment":[{"href":"https:\/\/radiostargjilan.com\/web\/wp-json\/wp\/v2\/media?parent=71303"}],"wp:term":[{"taxonomy":"category","embeddable":true,"href":"https:\/\/radiostargjilan.com\/web\/wp-json\/wp\/v2\/categories?post=71303"},{"taxonomy":"post_tag","embeddable":true,"href":"https:\/\/radiostargjilan.com\/web\/wp-json\/wp\/v2\/tags?post=71303"}],"curies":[{"name":"wp","href":"https:\/\/api.w.org\/{rel}","templated":true}]}}