{"id":71594,"date":"2021-01-03T11:03:11","date_gmt":"2021-01-03T11:03:11","guid":{"rendered":"https:\/\/radiostargjilan.com\/web\/?p=71594"},"modified":"2021-01-03T11:03:11","modified_gmt":"2021-01-03T11:03:11","slug":"djali-nga-gjilani-rrah-prinderit-dhe-vellain","status":"publish","type":"post","link":"https:\/\/radiostargjilan.com\/web\/djali-nga-gjilani-rrah-prinderit-dhe-vellain\/","title":{"rendered":"Djali nga Gjilani rrah prind\u00ebrit dhe v\u00ebllain"},"content":{"rendered":"<p>Mbr\u00ebm\u00eb n\u00eb Gjilan \u00ebsht\u00eb arrestuar nj\u00eb person pasi ka sulmuar fizikisht tre familjar\u00eb t\u00eb tij.<\/p>\n<p>Ngjarja ka ndodhur rreth or\u00ebs 21:10 teksa i dyshuari ka sulmuar fizikisht tre viktimat, dy prind\u00ebrit dhe v\u00ebllain e tij.<\/p>\n<p>N\u00eb raportin 24 or\u00ebsh t\u00eb Policis\u00eb s\u00eb Kosov\u00ebs thuhet se si pasoj\u00eb e k\u00ebtij sulmi nuk raportohet p\u00ebr t\u00eb l\u00ebnduar.<\/p>\n<p>Nd\u00ebrsa me vendin t\u00eb prokurorit kujdestar i dyshuari \u00ebsht\u00eb d\u00ebrguar n\u00eb mbajtje.<\/p>\n","protected":false},"excerpt":{"rendered":"<p>Mbr\u00ebm\u00eb n\u00eb Gjilan \u00ebsht\u00eb arrestuar nj\u00eb person pasi ka sulmuar fizikisht tre familjar\u00eb t\u00eb tij. Ngjarja ka ndodhur rreth or\u00ebs 21:10 teksa i dyshuari ka sulmuar fizikisht tre viktimat, dy prind\u00ebrit dhe v\u00ebllain e tij. N\u00eb raportin 24 or\u00ebsh t\u00eb Policis\u00eb s\u00eb Kosov\u00ebs thuhet se si pasoj\u00eb e k\u00ebtij sulmi nuk raportohet p\u00ebr t\u00eb l\u00ebnduar. [&hellip;]<\/p>\n","protected":false},"author":1,"featured_media":71595,"comment_status":"closed","ping_status":"closed","sticky":false,"template":"","format":"standard","meta":{"footnotes":""},"categories":[5],"tags":[],"class_list":{"0":"post-71594","1":"post","2":"type-post","3":"status-publish","4":"format-standard","5":"has-post-thumbnail","7":"category-lajme"},"_links":{"self":[{"href":"https:\/\/radiostargjilan.com\/web\/wp-json\/wp\/v2\/posts\/71594","targetHints":{"allow":["GET"]}}],"collection":[{"href":"https:\/\/radiostargjilan.com\/web\/wp-json\/wp\/v2\/posts"}],"about":[{"href":"https:\/\/radiostargjilan.com\/web\/wp-json\/wp\/v2\/types\/post"}],"author":[{"embeddable":true,"href":"https:\/\/radiostargjilan.com\/web\/wp-json\/wp\/v2\/users\/1"}],"replies":[{"embeddable":true,"href":"https:\/\/radiostargjilan.com\/web\/wp-json\/wp\/v2\/comments?post=71594"}],"version-history":[{"count":0,"href":"https:\/\/radiostargjilan.com\/web\/wp-json\/wp\/v2\/posts\/71594\/revisions"}],"wp:featuredmedia":[{"embeddable":true,"href":"https:\/\/radiostargjilan.com\/web\/wp-json\/wp\/v2\/media\/71595"}],"wp:attachment":[{"href":"https:\/\/radiostargjilan.com\/web\/wp-json\/wp\/v2\/media?parent=71594"}],"wp:term":[{"taxonomy":"category","embeddable":true,"href":"https:\/\/radiostargjilan.com\/web\/wp-json\/wp\/v2\/categories?post=71594"},{"taxonomy":"post_tag","embeddable":true,"href":"https:\/\/radiostargjilan.com\/web\/wp-json\/wp\/v2\/tags?post=71594"}],"curies":[{"name":"wp","href":"https:\/\/api.w.org\/{rel}","templated":true}]}}