{"id":71628,"date":"2021-01-04T10:02:33","date_gmt":"2021-01-04T10:02:33","guid":{"rendered":"https:\/\/radiostargjilan.com\/web\/?p=71628"},"modified":"2021-01-04T10:02:33","modified_gmt":"2021-01-04T10:02:33","slug":"pritje-te-gjata-ne-pika-kufitare-per-te-dale-nga-kosova","status":"publish","type":"post","link":"https:\/\/radiostargjilan.com\/web\/pritje-te-gjata-ne-pika-kufitare-per-te-dale-nga-kosova\/","title":{"rendered":"Pritje t\u00eb gjata n\u00eb pika kufitare p\u00ebr t\u00eb dal\u00eb nga Kosova"},"content":{"rendered":"<p>M\u00ebrgimtar\u00eb t\u00eb cil\u00ebt erdh\u00ebn p\u00ebr festat e fundvitit n\u00eb Kosov\u00eb, tanim\u00eb kan\u00eb p\u00ebrfunduar pushimet e tyre.<\/p>\n<p>Ata po kthehen n\u00eb shtetet ku jetojn\u00eb e veprojn\u00eb. Edhe gjat\u00eb dit\u00ebs s\u00eb sotme raportohet p\u00ebr kolona n\u00ebp\u00ebr pika kufitare.<\/p>\n<p>N\u00eb dalje t\u00eb pik\u00ebs kufitare n\u00eb Merdar\u00eb dhe Dheu i Bardh\u00eb raportohet p\u00ebr kolona m\u00eb t\u00eb gjata. N\u00eb dalje t\u00eb Merdares sipas Qendr\u00ebs Komb\u00ebtare p\u00ebr Menaxhim Kufitar kolonat jan\u00eb deri n\u00eb 900 metra q\u00eb i bie 90 deri n\u00eb 120 minuta pritje p\u00ebr t\u00eb kaluar k\u00ebt\u00eb pik\u00eb kufitare.<\/p>\n<p>Nd\u00ebrsa rreth nj\u00eb or\u00eb po presin bashkatdhetar\u00ebt q\u00eb po kalojn\u00eb n\u00eb pik\u00ebn kufitare Dheu i Bardh\u00eb. Kolonat n\u00eb k\u00ebt\u00eb pik\u00eb kufitare raportohet t\u00eb jen\u00eb deri n\u00eb 700 metra.<\/p>\n<p>Nd\u00ebrsa kolona n\u00eb pik\u00ebn kufitare n\u00eb Mu\u00e7ibab\u00eb \u00ebsht\u00eb 100 metra, nd\u00ebrsa n\u00eb Jarinje 50 metra.<br \/>\n<img loading=\"lazy\" loading=\"lazy\" decoding=\"async\" src=\"https:\/\/radiostargjilan.com\/web\/wp-content\/uploads\/2021\/01\/8B28E5A9-B8C8-4124-8B00-4C2B6E5B2101.png\" alt=\"\" width=\"900\" height=\"681\" class=\"aligncenter size-full wp-image-71629\" srcset=\"https:\/\/radiostargjilan.com\/web\/wp-content\/uploads\/2021\/01\/8B28E5A9-B8C8-4124-8B00-4C2B6E5B2101.png 900w, https:\/\/radiostargjilan.com\/web\/wp-content\/uploads\/2021\/01\/8B28E5A9-B8C8-4124-8B00-4C2B6E5B2101-300x227.png 300w, https:\/\/radiostargjilan.com\/web\/wp-content\/uploads\/2021\/01\/8B28E5A9-B8C8-4124-8B00-4C2B6E5B2101-768x581.png 768w, https:\/\/radiostargjilan.com\/web\/wp-content\/uploads\/2021\/01\/8B28E5A9-B8C8-4124-8B00-4C2B6E5B2101-600x454.png 600w\" sizes=\"auto, (max-width: 900px) 100vw, 900px\" \/><\/p>\n","protected":false},"excerpt":{"rendered":"<p>M\u00ebrgimtar\u00eb t\u00eb cil\u00ebt erdh\u00ebn p\u00ebr festat e fundvitit n\u00eb Kosov\u00eb, tanim\u00eb kan\u00eb p\u00ebrfunduar pushimet e tyre. Ata po kthehen n\u00eb shtetet ku jetojn\u00eb e veprojn\u00eb. Edhe gjat\u00eb dit\u00ebs s\u00eb sotme raportohet p\u00ebr kolona n\u00ebp\u00ebr pika kufitare. N\u00eb dalje t\u00eb pik\u00ebs kufitare n\u00eb Merdar\u00eb dhe Dheu i Bardh\u00eb raportohet p\u00ebr kolona m\u00eb t\u00eb gjata. N\u00eb dalje [&hellip;]<\/p>\n","protected":false},"author":1,"featured_media":71555,"comment_status":"closed","ping_status":"closed","sticky":false,"template":"","format":"standard","meta":{"footnotes":""},"categories":[5],"tags":[],"class_list":{"0":"post-71628","1":"post","2":"type-post","3":"status-publish","4":"format-standard","5":"has-post-thumbnail","7":"category-lajme"},"_links":{"self":[{"href":"https:\/\/radiostargjilan.com\/web\/wp-json\/wp\/v2\/posts\/71628","targetHints":{"allow":["GET"]}}],"collection":[{"href":"https:\/\/radiostargjilan.com\/web\/wp-json\/wp\/v2\/posts"}],"about":[{"href":"https:\/\/radiostargjilan.com\/web\/wp-json\/wp\/v2\/types\/post"}],"author":[{"embeddable":true,"href":"https:\/\/radiostargjilan.com\/web\/wp-json\/wp\/v2\/users\/1"}],"replies":[{"embeddable":true,"href":"https:\/\/radiostargjilan.com\/web\/wp-json\/wp\/v2\/comments?post=71628"}],"version-history":[{"count":0,"href":"https:\/\/radiostargjilan.com\/web\/wp-json\/wp\/v2\/posts\/71628\/revisions"}],"wp:featuredmedia":[{"embeddable":true,"href":"https:\/\/radiostargjilan.com\/web\/wp-json\/wp\/v2\/media\/71555"}],"wp:attachment":[{"href":"https:\/\/radiostargjilan.com\/web\/wp-json\/wp\/v2\/media?parent=71628"}],"wp:term":[{"taxonomy":"category","embeddable":true,"href":"https:\/\/radiostargjilan.com\/web\/wp-json\/wp\/v2\/categories?post=71628"},{"taxonomy":"post_tag","embeddable":true,"href":"https:\/\/radiostargjilan.com\/web\/wp-json\/wp\/v2\/tags?post=71628"}],"curies":[{"name":"wp","href":"https:\/\/api.w.org\/{rel}","templated":true}]}}