{"id":71811,"date":"2021-01-08T11:16:31","date_gmt":"2021-01-08T11:16:31","guid":{"rendered":"https:\/\/radiostargjilan.com\/web\/?p=71811"},"modified":"2021-01-08T11:16:31","modified_gmt":"2021-01-08T11:16:31","slug":"nuk-ka-ftese-per-qeverine-per-takim-te-radhes-ne-dialogun-me-serbine","status":"publish","type":"post","link":"https:\/\/radiostargjilan.com\/web\/nuk-ka-ftese-per-qeverine-per-takim-te-radhes-ne-dialogun-me-serbine\/","title":{"rendered":"Nuk ka ftes\u00eb p\u00ebr Qeverin\u00eb p\u00ebr takim t\u00eb radh\u00ebs n\u00eb dialogun me Serbin\u00eb"},"content":{"rendered":"<p>N\u00eb Qeverin\u00eb e Kosov\u00ebs kan\u00eb deklaruar se deri m\u00eb tani nuk kan\u00eb pasur ndonj\u00eb ftes\u00eb zyrtare sa i p\u00ebrket takimit t\u00eb radh\u00ebs n\u00eb kuad\u00ebr t\u00eb dialogut me Serbin\u00eb. <\/p>\n<p>\u201cNuk kemi pasur ndonj\u00eb ftes\u00eb\/k\u00ebrkes\u00eb nga Bashkimi Evropian p\u00ebr ndonj\u00eb takim n\u00eb kuad\u00ebr t\u00eb procesit t\u00eb dialogut me Serbin\u00eb. N\u00eb momentin q\u00eb do t\u00eb kemi nj\u00eb propozim t\u00eb till\u00eb edhe do t\u00eb vendosim si t\u00eb veprojm\u00eb\u201d, u tha n\u00eb p\u00ebrgjigjen e Zyr\u00ebs p\u00ebr Informim nga Qeveria Hoti p\u00ebr lajmi.net..<\/p>\n<p>T\u00eb pyetur nga lajmi.net n\u00ebse si Qeveri e Kosov\u00ebs n\u00eb detyr\u00eb do t\u00eb mund t\u00eb kryejn\u00eb obligimet e k\u00ebrkuara nga BE-ja p\u00ebr dialogun, t\u00eb nj\u00ebjtit deklaruan se do t\u2019i kryejn\u00eb t\u00eb gjitha obligimet n\u00eb p\u00ebrputhje me statusin q\u00eb mbajn\u00eb tani p\u00ebr tani.<\/p>\n<p>\u201cPor e keni parasysh q\u00ebndrimin e b\u00ebr\u00eb publik tashm\u00eb nga ana e Kryeministrit se si Qeveri n\u00eb Detyr\u00eb do t\u00eb kryejm\u00eb t\u00eb gjitha obligimet n\u00eb p\u00ebrputhje me k\u00ebt\u00eb status\u201d, u tha n\u00eb p\u00ebrgjigjen nga Qeveria Hoti.<\/p>\n","protected":false},"excerpt":{"rendered":"<p>N\u00eb Qeverin\u00eb e Kosov\u00ebs kan\u00eb deklaruar se deri m\u00eb tani nuk kan\u00eb pasur ndonj\u00eb ftes\u00eb zyrtare sa i p\u00ebrket takimit t\u00eb radh\u00ebs n\u00eb kuad\u00ebr t\u00eb dialogut me Serbin\u00eb. \u201cNuk kemi pasur ndonj\u00eb ftes\u00eb\/k\u00ebrkes\u00eb nga Bashkimi Evropian p\u00ebr ndonj\u00eb takim n\u00eb kuad\u00ebr t\u00eb procesit t\u00eb dialogut me Serbin\u00eb. N\u00eb momentin q\u00eb do t\u00eb kemi nj\u00eb propozim [&hellip;]<\/p>\n","protected":false},"author":1,"featured_media":71812,"comment_status":"closed","ping_status":"closed","sticky":false,"template":"","format":"standard","meta":{"footnotes":""},"categories":[5],"tags":[],"class_list":{"0":"post-71811","1":"post","2":"type-post","3":"status-publish","4":"format-standard","5":"has-post-thumbnail","7":"category-lajme"},"_links":{"self":[{"href":"https:\/\/radiostargjilan.com\/web\/wp-json\/wp\/v2\/posts\/71811","targetHints":{"allow":["GET"]}}],"collection":[{"href":"https:\/\/radiostargjilan.com\/web\/wp-json\/wp\/v2\/posts"}],"about":[{"href":"https:\/\/radiostargjilan.com\/web\/wp-json\/wp\/v2\/types\/post"}],"author":[{"embeddable":true,"href":"https:\/\/radiostargjilan.com\/web\/wp-json\/wp\/v2\/users\/1"}],"replies":[{"embeddable":true,"href":"https:\/\/radiostargjilan.com\/web\/wp-json\/wp\/v2\/comments?post=71811"}],"version-history":[{"count":0,"href":"https:\/\/radiostargjilan.com\/web\/wp-json\/wp\/v2\/posts\/71811\/revisions"}],"wp:featuredmedia":[{"embeddable":true,"href":"https:\/\/radiostargjilan.com\/web\/wp-json\/wp\/v2\/media\/71812"}],"wp:attachment":[{"href":"https:\/\/radiostargjilan.com\/web\/wp-json\/wp\/v2\/media?parent=71811"}],"wp:term":[{"taxonomy":"category","embeddable":true,"href":"https:\/\/radiostargjilan.com\/web\/wp-json\/wp\/v2\/categories?post=71811"},{"taxonomy":"post_tag","embeddable":true,"href":"https:\/\/radiostargjilan.com\/web\/wp-json\/wp\/v2\/tags?post=71811"}],"curies":[{"name":"wp","href":"https:\/\/api.w.org\/{rel}","templated":true}]}}