{"id":71875,"date":"2021-01-09T16:47:51","date_gmt":"2021-01-09T16:47:51","guid":{"rendered":"https:\/\/radiostargjilan.com\/web\/?p=71875"},"modified":"2021-01-09T16:47:51","modified_gmt":"2021-01-09T16:47:51","slug":"keta-jane-dy-kandidatet-e-mundshem-nga-radhet-e-aak-se-per-deputet-nga-gjilani","status":"publish","type":"post","link":"https:\/\/radiostargjilan.com\/web\/keta-jane-dy-kandidatet-e-mundshem-nga-radhet-e-aak-se-per-deputet-nga-gjilani\/","title":{"rendered":"K\u00ebta jan\u00eb dy kandidat\u00ebt e mundsh\u00ebm nga radh\u00ebt e AAK-s\u00eb p\u00ebr deputet nga Gjilani"},"content":{"rendered":"<p>Radio Star sot ka sjellur list\u00ebn e kandidat\u00ebve p\u00ebr deputet\u00eb nga partit e ndryshme.<\/p>\n<p>Radio Star ka siguruar edhe dy emrat nga AAK-ja dega n\u00eb Gjilan, dy kandidat\u00ebt e saj p\u00ebr deputet jan\u00eb , Ahmet Isufi si dhe Rexhep Kadriu<\/p>\n<p>K\u00ebta jan\u00eb dy kandidat\u00ebt q\u00eb s\u00eb shpejti do t\u00eb konfirmohen nga dega e AAK-s\u00eb n\u00eb Gjilan.\/radiostar\/<\/p>\n<p><img loading=\"lazy\" loading=\"lazy\" decoding=\"async\" src=\"https:\/\/radiostargjilan.com\/web\/wp-content\/uploads\/2021\/01\/DB126656-C93E-4A8A-AEA2-E9E5EC0F4F6A.jpeg\" alt=\"\" width=\"955\" height=\"554\" class=\"aligncenter size-full wp-image-71877\" srcset=\"https:\/\/radiostargjilan.com\/web\/wp-content\/uploads\/2021\/01\/DB126656-C93E-4A8A-AEA2-E9E5EC0F4F6A.jpeg 955w, https:\/\/radiostargjilan.com\/web\/wp-content\/uploads\/2021\/01\/DB126656-C93E-4A8A-AEA2-E9E5EC0F4F6A-300x174.jpeg 300w, https:\/\/radiostargjilan.com\/web\/wp-content\/uploads\/2021\/01\/DB126656-C93E-4A8A-AEA2-E9E5EC0F4F6A-768x446.jpeg 768w, https:\/\/radiostargjilan.com\/web\/wp-content\/uploads\/2021\/01\/DB126656-C93E-4A8A-AEA2-E9E5EC0F4F6A-600x348.jpeg 600w\" sizes=\"auto, (max-width: 955px) 100vw, 955px\" \/><br \/>\n<strong>Ahmet Isufi<\/strong><br \/>\n<img loading=\"lazy\" loading=\"lazy\" decoding=\"async\" src=\"https:\/\/radiostargjilan.com\/web\/wp-content\/uploads\/2021\/01\/64B51C90-B030-41A8-BE3D-8E7953E65FD1.jpeg\" alt=\"\" width=\"730\" height=\"440\" class=\"aligncenter size-full wp-image-71878\" srcset=\"https:\/\/radiostargjilan.com\/web\/wp-content\/uploads\/2021\/01\/64B51C90-B030-41A8-BE3D-8E7953E65FD1.jpeg 730w, https:\/\/radiostargjilan.com\/web\/wp-content\/uploads\/2021\/01\/64B51C90-B030-41A8-BE3D-8E7953E65FD1-300x181.jpeg 300w, https:\/\/radiostargjilan.com\/web\/wp-content\/uploads\/2021\/01\/64B51C90-B030-41A8-BE3D-8E7953E65FD1-600x362.jpeg 600w\" sizes=\"auto, (max-width: 730px) 100vw, 730px\" \/><br \/>\n<strong>Rexhep Kadriu<\/strong><\/p>\n","protected":false},"excerpt":{"rendered":"<p>Radio Star sot ka sjellur list\u00ebn e kandidat\u00ebve p\u00ebr deputet\u00eb nga partit e ndryshme. Radio Star ka siguruar edhe dy emrat nga AAK-ja dega n\u00eb Gjilan, dy kandidat\u00ebt e saj p\u00ebr deputet jan\u00eb , Ahmet Isufi si dhe Rexhep Kadriu K\u00ebta jan\u00eb dy kandidat\u00ebt q\u00eb s\u00eb shpejti do t\u00eb konfirmohen nga dega e AAK-s\u00eb n\u00eb [&hellip;]<\/p>\n","protected":false},"author":1,"featured_media":71876,"comment_status":"closed","ping_status":"closed","sticky":false,"template":"","format":"standard","meta":{"footnotes":""},"categories":[5],"tags":[],"class_list":{"0":"post-71875","1":"post","2":"type-post","3":"status-publish","4":"format-standard","5":"has-post-thumbnail","7":"category-lajme"},"_links":{"self":[{"href":"https:\/\/radiostargjilan.com\/web\/wp-json\/wp\/v2\/posts\/71875","targetHints":{"allow":["GET"]}}],"collection":[{"href":"https:\/\/radiostargjilan.com\/web\/wp-json\/wp\/v2\/posts"}],"about":[{"href":"https:\/\/radiostargjilan.com\/web\/wp-json\/wp\/v2\/types\/post"}],"author":[{"embeddable":true,"href":"https:\/\/radiostargjilan.com\/web\/wp-json\/wp\/v2\/users\/1"}],"replies":[{"embeddable":true,"href":"https:\/\/radiostargjilan.com\/web\/wp-json\/wp\/v2\/comments?post=71875"}],"version-history":[{"count":0,"href":"https:\/\/radiostargjilan.com\/web\/wp-json\/wp\/v2\/posts\/71875\/revisions"}],"wp:featuredmedia":[{"embeddable":true,"href":"https:\/\/radiostargjilan.com\/web\/wp-json\/wp\/v2\/media\/71876"}],"wp:attachment":[{"href":"https:\/\/radiostargjilan.com\/web\/wp-json\/wp\/v2\/media?parent=71875"}],"wp:term":[{"taxonomy":"category","embeddable":true,"href":"https:\/\/radiostargjilan.com\/web\/wp-json\/wp\/v2\/categories?post=71875"},{"taxonomy":"post_tag","embeddable":true,"href":"https:\/\/radiostargjilan.com\/web\/wp-json\/wp\/v2\/tags?post=71875"}],"curies":[{"name":"wp","href":"https:\/\/api.w.org\/{rel}","templated":true}]}}