{"id":72240,"date":"2021-01-15T15:16:22","date_gmt":"2021-01-15T15:16:22","guid":{"rendered":"https:\/\/radiostargjilan.com\/web\/?p=72240"},"modified":"2021-01-15T15:18:49","modified_gmt":"2021-01-15T15:18:49","slug":"komiteti-i-gjilanit-apelon-qytetaret-dhe-subjektet-afariste-qe-ti-respektojne-vendimet-shteterore-per-ruajtjen-e-shendetit-publik","status":"publish","type":"post","link":"https:\/\/radiostargjilan.com\/web\/komiteti-i-gjilanit-apelon-qytetaret-dhe-subjektet-afariste-qe-ti-respektojne-vendimet-shteterore-per-ruajtjen-e-shendetit-publik\/","title":{"rendered":"Komiteti i Gjilanit apelon qytetar\u00ebt dhe subjektet afariste q\u00eb t\u2019i respektojn\u00eb vendimet shtet\u00ebrore p\u00ebr ruajtjen e sh\u00ebndetit publik"},"content":{"rendered":"<p>Komiteti komunal i Gjilanit p\u00ebr menaxhimin dhe parandalimin e p\u00ebrhapjes s\u00eb COVID-19, n\u00eb p\u00ebrputhje me vendimin e ri t\u00eb Qeveris\u00eb s\u00eb Kosov\u00ebs, do t\u2019i marr\u00eb t\u00eb gjitha masat p\u00ebr parandalim t\u00eb p\u00ebrhapjes s\u00eb virusit.<\/p>\n<p>Komiteti apelon qytetar\u00ebt dhe subjektet afariste q\u00eb t\u2019i p\u00ebrbahen vendimit t\u00eb fundit t\u00eb qeveris\u00eb, q\u00ebllimi i t\u00eb cilit \u00ebsht\u00eb p\u00ebr ruajtjen e sh\u00ebndetit publik.<br \/>\nGjithashtu, Komuna, p\u00ebrmes institucioneve t\u00eb saj, do t\u00eb mbik\u00ebqyr\u00eb zbatimin e masave dhe t\u00eb do vazhdoj\u00eb operacionet n\u00eb funksion t\u00eb parandalimit t\u00eb p\u00ebrhapjes s\u00eb COVID-19.<\/p>\n<p>Fal pun\u00ebs s\u00eb Komitetit p\u00ebr menaxhimin dhe parandalimin e p\u00ebrhapjes s\u00eb COVID-19, tash e disa dit\u00eb Gjilani \u00ebsht\u00eb n\u00eb zon\u00ebn e rrezikut t\u00eb ul\u00ebt apo zon\u00ebn e gjelb\u00ebr dhe megjithat\u00eb duhet t\u00eb respektohen n\u00eb p\u00ebrpim\u00ebri masat t\u00eb cilat dalin nga vendimi i sot\u00ebm i Qeveris\u00eb mbi menaxhimin e situat\u00ebs, t\u00eb cilat jan\u00eb si vijon:<\/p>\n<p>35.1. Operator\u00ebt ekonomik lejohen t\u00eb punojn\u00eb nga 05:00-22:00,<br \/>\n35.2. Qendrat tregtare lejohen t\u00eb punojn\u00eb nga 05:00-22:00,<br \/>\n35.3. Sh\u00ebrbimet e hoteleris\u00eb dhe gastronomis\u00eb lejohen t\u00eb punojn\u00eb nga 05:00-22:00, nd\u00ebrkaq pas or\u00ebs 22:00 punojn\u00eb me sh\u00ebrbim \u201cmerr me vete\u201d dhe \u201cporosi me d\u00ebrges\u00eb\u201d,<br \/>\n35.4. Transporti publik lejohet t\u00eb punoj duke shfryt\u00ebzuar deri n\u00eb 50% t\u00eb kapaciteteve, duke respektuar \u201cManualin p\u00ebr mbrojtjen nga p\u00ebrhapja e Covid-19\u201d,<br \/>\n35.5. Taksit\u00eb lejohen t\u00eb punojn\u00eb me nj\u00eb (1) pasagjer prapa ose deri n\u00eb tre (3) n\u00ebse jan\u00eb an\u00ebtar\u00eb t\u00eb familjes, duke respektuar \u201cManualin p\u00ebr mbrojtjen nga p\u00ebrhapja e Covid-19\u201d,<br \/>\n35.6. Institucioneve vart\u00ebse t\u00eb MKRS dhe komunave (si\u00e7 jan\u00eb teatrot, bibliotekat, filarmonia, galerit\u00eb, ansamblet, baleti, kinemat\u00eb, qendrat rinore, muzet\u00eb, qendrat e kultur\u00ebs me grupe dhe t\u00eb ngjashme), lejohet t\u00eb punojn\u00eb deri n\u00eb or\u00ebn 22:00 duke shfryt\u00ebzuar deri n\u00eb 40% t\u00eb hap\u00ebsir\u00ebs\/sip\u00ebrfaqeve t\u00eb objekteve p\u00ebrkat\u00ebse p\u00ebr t\u00eb gjitha aktivitet (si n\u00eb shfaqje ashtu edhe n\u00eb ushtrime), duke respektuar \u201cManualin p\u00ebr mbrojtjen nga p\u00ebrhapja e Covid-19\u201d,<br \/>\n35.7. Lejohen aktivitetet sportive n\u00eb hap\u00ebsira t\u00eb mbyllura dhe t\u00eb hapura, ku gjat\u00eb st\u00ebrvitjeve n\u00eb hap\u00ebsirat e mbyllura mund t\u00eb marrin pjes\u00eb deri n\u00eb 20 persona, nd\u00ebrsa gjat\u00eb garave deri ne 50 persona, gjithmon\u00eb bazuar n\u00eb protokolle vendore dhe nd\u00ebrkomb\u00ebtare sportive, si dhe duke u bazuar n\u00eb \u201cManualin p\u00ebr mbrojtjen nga p\u00ebrhapja e Covid-19\u201d,<br \/>\n35.8. Lejohen fitneset dhe pishinat e mbyllura p\u00ebr aktivitete individuale rekreative duke shfryt\u00ebzuar deri n\u00eb 40% t\u00eb hap\u00ebsirave\/sip\u00ebrfaqeve, duke respektuar \u201cManualin p\u00ebr mbrojtjen nga p\u00ebrhapja e Covid-19\u201d,<br \/>\n35.9. Pavar\u00ebsisht pikave 35.6, 35.7 dhe 35.8 m\u00eb lart\u00eb, autorizohet Ministria e Sh\u00ebndet\u00ebsis\u00eb q\u00eb bazuar n\u00eb rekomandimet e IKSHP-s\u00eb t\u00eb nxjerr\u00eb vendime operacionale t\u00eb ndaloj\u00eb k\u00ebto aktivitete.<\/p>\n","protected":false},"excerpt":{"rendered":"<p>Komiteti komunal i Gjilanit p\u00ebr menaxhimin dhe parandalimin e p\u00ebrhapjes s\u00eb COVID-19, n\u00eb p\u00ebrputhje me vendimin e ri t\u00eb Qeveris\u00eb s\u00eb Kosov\u00ebs, do t\u2019i marr\u00eb t\u00eb gjitha masat p\u00ebr parandalim t\u00eb p\u00ebrhapjes s\u00eb virusit. Komiteti apelon qytetar\u00ebt dhe subjektet afariste q\u00eb t\u2019i p\u00ebrbahen vendimit t\u00eb fundit t\u00eb qeveris\u00eb, q\u00ebllimi i t\u00eb cilit \u00ebsht\u00eb p\u00ebr ruajtjen [&hellip;]<\/p>\n","protected":false},"author":1,"featured_media":72241,"comment_status":"closed","ping_status":"closed","sticky":false,"template":"","format":"standard","meta":{"footnotes":""},"categories":[5],"tags":[],"class_list":{"0":"post-72240","1":"post","2":"type-post","3":"status-publish","4":"format-standard","5":"has-post-thumbnail","7":"category-lajme"},"_links":{"self":[{"href":"https:\/\/radiostargjilan.com\/web\/wp-json\/wp\/v2\/posts\/72240","targetHints":{"allow":["GET"]}}],"collection":[{"href":"https:\/\/radiostargjilan.com\/web\/wp-json\/wp\/v2\/posts"}],"about":[{"href":"https:\/\/radiostargjilan.com\/web\/wp-json\/wp\/v2\/types\/post"}],"author":[{"embeddable":true,"href":"https:\/\/radiostargjilan.com\/web\/wp-json\/wp\/v2\/users\/1"}],"replies":[{"embeddable":true,"href":"https:\/\/radiostargjilan.com\/web\/wp-json\/wp\/v2\/comments?post=72240"}],"version-history":[{"count":0,"href":"https:\/\/radiostargjilan.com\/web\/wp-json\/wp\/v2\/posts\/72240\/revisions"}],"wp:featuredmedia":[{"embeddable":true,"href":"https:\/\/radiostargjilan.com\/web\/wp-json\/wp\/v2\/media\/72241"}],"wp:attachment":[{"href":"https:\/\/radiostargjilan.com\/web\/wp-json\/wp\/v2\/media?parent=72240"}],"wp:term":[{"taxonomy":"category","embeddable":true,"href":"https:\/\/radiostargjilan.com\/web\/wp-json\/wp\/v2\/categories?post=72240"},{"taxonomy":"post_tag","embeddable":true,"href":"https:\/\/radiostargjilan.com\/web\/wp-json\/wp\/v2\/tags?post=72240"}],"curies":[{"name":"wp","href":"https:\/\/api.w.org\/{rel}","templated":true}]}}