{"id":72551,"date":"2021-01-21T10:45:57","date_gmt":"2021-01-21T10:45:57","guid":{"rendered":"https:\/\/radiostargjilan.com\/web\/?p=72551"},"modified":"2021-01-21T10:45:57","modified_gmt":"2021-01-21T10:45:57","slug":"lirohet-29-vjecari-i-dyshuar-per-dhunimin-e-33-vjecares","status":"publish","type":"post","link":"https:\/\/radiostargjilan.com\/web\/lirohet-29-vjecari-i-dyshuar-per-dhunimin-e-33-vjecares\/","title":{"rendered":"Lirohet 29-vje\u00e7ari i dyshuar p\u00ebr dhunimin e 33-vje\u00e7ares"},"content":{"rendered":"<p>Gjykata Themelore e Gjilanit nuk ka aprovuar k\u00ebrkes\u00ebn e Prokuroris\u00eb p\u00ebr caktimin e mas\u00ebs s\u00eb paraburgimit ndaj P.M., 29 -vje\u00e7ar, i dyshuar p\u00ebr dhunimin e D.K., 33-vje\u00e7are.<\/p>\n<p>Gjyqtari i procedur\u00ebs paraprake ka vler\u00ebsuar se mungon dyshimi i bazuar p\u00ebr caktimin e mas\u00ebs s\u00eb paraburgimit.<\/p>\n<p>\u201cGjyqtari i procedur\u00ebs paraprake, ka refuzuar k\u00ebrkesen e prokurorit p\u00ebr caktimin e mas\u00ebs s\u00eb paraburgimit, duke e liruar t\u00eb pandehurin, pasi q\u00eb mungon dyshimi i bazuar p\u00ebr caktimin e paraburgimit\u201d, konfirmoi p\u00ebr Gazet\u00ebn Express z\u00ebdh\u00ebn\u00ebsi i Gjykat\u00ebs Themelore t\u00eb Gjilanit, Sabit Shkodra.<\/p>\n<p>Sipas informacioneve q\u00eb posedon Gazeta Express ata ishin n\u00eb lidhje prej pes\u00eb vitesh, por her\u00ebn e fundit 33-vje\u00e7arja e kishte denoncuar n\u00eb polici 29-vje\u00e7arin.<\/p>\n<p>Gjithashtu, raporti mjek\u00ebsor ka konstatuar se e nj\u00ebjta nuk kishte shenja t\u00eb dhun\u00ebs dhe se nuk kishte k\u00ebrkuar ndihm\u00eb te recepsionisti, ndon\u00ebse dhoma e motelit ka qene af\u00ebr recepsionit.<\/p>\n<p>Kur ai i kishte th\u00ebn\u00eb se nuk do t\u00eb martohen, ajo e ka lajm\u00ebruar rastin n\u00eb polici\u2026Megjithat\u00eb ata kan\u00eb pir\u00eb kafe bashk\u00eb edhe pas kryerjes s\u00eb aktit seksual\u201d, tha tutje nj\u00eb burim i Expressit<\/p>\n","protected":false},"excerpt":{"rendered":"<p>Gjykata Themelore e Gjilanit nuk ka aprovuar k\u00ebrkes\u00ebn e Prokuroris\u00eb p\u00ebr caktimin e mas\u00ebs s\u00eb paraburgimit ndaj P.M., 29 -vje\u00e7ar, i dyshuar p\u00ebr dhunimin e D.K., 33-vje\u00e7are. Gjyqtari i procedur\u00ebs paraprake ka vler\u00ebsuar se mungon dyshimi i bazuar p\u00ebr caktimin e mas\u00ebs s\u00eb paraburgimit. \u201cGjyqtari i procedur\u00ebs paraprake, ka refuzuar k\u00ebrkesen e prokurorit p\u00ebr caktimin [&hellip;]<\/p>\n","protected":false},"author":1,"featured_media":72552,"comment_status":"closed","ping_status":"closed","sticky":false,"template":"","format":"standard","meta":{"footnotes":""},"categories":[5],"tags":[],"class_list":{"0":"post-72551","1":"post","2":"type-post","3":"status-publish","4":"format-standard","5":"has-post-thumbnail","7":"category-lajme"},"_links":{"self":[{"href":"https:\/\/radiostargjilan.com\/web\/wp-json\/wp\/v2\/posts\/72551","targetHints":{"allow":["GET"]}}],"collection":[{"href":"https:\/\/radiostargjilan.com\/web\/wp-json\/wp\/v2\/posts"}],"about":[{"href":"https:\/\/radiostargjilan.com\/web\/wp-json\/wp\/v2\/types\/post"}],"author":[{"embeddable":true,"href":"https:\/\/radiostargjilan.com\/web\/wp-json\/wp\/v2\/users\/1"}],"replies":[{"embeddable":true,"href":"https:\/\/radiostargjilan.com\/web\/wp-json\/wp\/v2\/comments?post=72551"}],"version-history":[{"count":0,"href":"https:\/\/radiostargjilan.com\/web\/wp-json\/wp\/v2\/posts\/72551\/revisions"}],"wp:featuredmedia":[{"embeddable":true,"href":"https:\/\/radiostargjilan.com\/web\/wp-json\/wp\/v2\/media\/72552"}],"wp:attachment":[{"href":"https:\/\/radiostargjilan.com\/web\/wp-json\/wp\/v2\/media?parent=72551"}],"wp:term":[{"taxonomy":"category","embeddable":true,"href":"https:\/\/radiostargjilan.com\/web\/wp-json\/wp\/v2\/categories?post=72551"},{"taxonomy":"post_tag","embeddable":true,"href":"https:\/\/radiostargjilan.com\/web\/wp-json\/wp\/v2\/tags?post=72551"}],"curies":[{"name":"wp","href":"https:\/\/api.w.org\/{rel}","templated":true}]}}