{"id":72584,"date":"2021-01-21T15:55:27","date_gmt":"2021-01-21T15:55:27","guid":{"rendered":"https:\/\/radiostargjilan.com\/web\/?p=72584"},"modified":"2021-01-21T15:55:27","modified_gmt":"2021-01-21T15:55:27","slug":"pdk-sulmon-serish-rtv-dukagjinin-merren-edhe-me-nje-punetor-teknik-te-televizionit","status":"publish","type":"post","link":"https:\/\/radiostargjilan.com\/web\/pdk-sulmon-serish-rtv-dukagjinin-merren-edhe-me-nje-punetor-teknik-te-televizionit\/","title":{"rendered":"PDK sulmon s\u00ebrish RTV Dukagjinin, merren edhe me nj\u00eb pun\u00ebtor teknik t\u00eb televizionit"},"content":{"rendered":"<p>Shefi i shtabit t\u00eb Partis\u00eb Demokratike t\u00eb Kosov\u00ebs, nj\u00ebher\u00ebsh an\u00ebtari i kryesis\u00eb, Betim Gjoshi p\u00ebrmes nj\u00eb konference p\u00ebr media ka njoftuar se kjo parti nga sot e ka shk\u00ebputur \u00e7do komunikim me TV Dukagjinin dhe \u00e7do platform\u00eb mediale q\u00eb \u00ebsht\u00eb n\u00eb pron\u00ebsi t\u00eb Ekrem Lluk\u00ebs.<\/p>\n<p>Gjoshi ka th\u00ebn\u00eb se zyrtar\u00ebt e PDK-s\u00eb nga sot nuk do t\u00eb marrin pjes\u00eb n\u00eb asnj\u00eb debat politik t\u00eb Radiotelevizionit Dukagjini, i cili ka koh\u00eb q\u00eb \u00ebsht\u00eb shnd\u00ebrruar n\u00eb zyre t\u00eb propagand\u00ebs s\u00eb L\u00ebvizjes Vet\u00ebvendosje dhe t\u00eb Albin Kurtit, por tashm\u00eb e ka arritur kulmin.<\/p>\n<p>\u201c Partia Demokratike e Kosov\u00ebs nuk do t\u00eb hesht\u00eb m\u00eb p\u00ebrball\u00eb manipulimeve mediale dhe presionit t\u00eb pronar\u00ebve t\u00eb tyre, q\u00eb p\u00ebr shkak t\u00eb marr\u00ebveshjeve t\u00eb pista biznesore abuzojn\u00eb me hap\u00ebsir\u00ebn publike, duke u b\u00ebr\u00eb mjet propagandues t\u00eb Albin Kurtit, p\u00ebrfshir\u00eb k\u00ebtu specifikisht televizionin e Ekrem Lluk\u00ebs. P\u00ebr ta mb\u00ebshtetur k\u00ebt\u00eb q\u00eb po e themi, ju njoftojm\u00eb se personi p\u00ebrgjegj\u00ebs p\u00ebr menaxhimin e rrjeteve sociale t\u00eb televizionit Dukagjini, me inicialet H.S., \u00ebsht\u00eb person p\u00ebrgjegj\u00ebs edhe p\u00ebr menaxhimin e rrjeteve sociale t\u00eb L\u00ebvizjes Vet\u00ebvendosje. Pra, llogarit\u00eb e L\u00ebvizjes Vet\u00ebvendosje dhe t\u00eb televizionit Dukagjini menaxhohen nga i nj\u00ebjti ekip, nga e nj\u00ebjta zyre dhe me t\u00eb nj\u00ebjtat pajisje\u201d, ka th\u00ebn\u00eb ai.<\/p>\n<p>Gjoshi tha se personi p\u00ebrgjegj\u00ebs p\u00ebr menaxhimin e rrjeteve sociale t\u00eb televizionit Dukagjini, me inicialet H. S., \u00ebsht\u00eb i nj\u00ebjti person p\u00ebrgjegj\u00ebs edhe p\u00ebr menaxhimin e rrjeteve sociale t\u00eb L\u00ebvizjes Vet\u00ebvendosje.<\/p>\n<p>\u201cPra, llogarit\u00eb e L\u00ebvizjes Vet\u00ebvendosje dhe t\u00eb televizionit Dukagjini menaxhohen nga i nj\u00ebjti person, i nj\u00ebjti ekip, nga e nj\u00ebjta zyre dhe me t\u00eb nj\u00ebjtat pajisje\u201d, tha ai.<\/p>\n<p>Gjoshi m\u00eb tej vazhdoi duke th\u00ebn\u00eb se Ekrem Lluka duhet t\u2019u jap\u00eb p\u00ebrgjigje deklaratave q\u00eb tash e 25 vjet qarkullojn\u00eb n\u00eb Kosov\u00eb, se ai ka qen\u00eb i vetmi shqiptar pjes\u00ebmarr\u00ebs n\u00eb dasm\u00ebn e kriminelit fam\u00ebkeq serb, Arkanit, n\u00eb vitin 1995, duke u b\u00ebr\u00eb krushk i tij. \/Reporteri.net\/.<\/p>\n","protected":false},"excerpt":{"rendered":"<p>Shefi i shtabit t\u00eb Partis\u00eb Demokratike t\u00eb Kosov\u00ebs, nj\u00ebher\u00ebsh an\u00ebtari i kryesis\u00eb, Betim Gjoshi p\u00ebrmes nj\u00eb konference p\u00ebr media ka njoftuar se kjo parti nga sot e ka shk\u00ebputur \u00e7do komunikim me TV Dukagjinin dhe \u00e7do platform\u00eb mediale q\u00eb \u00ebsht\u00eb n\u00eb pron\u00ebsi t\u00eb Ekrem Lluk\u00ebs. Gjoshi ka th\u00ebn\u00eb se zyrtar\u00ebt e PDK-s\u00eb nga sot nuk [&hellip;]<\/p>\n","protected":false},"author":1,"featured_media":72585,"comment_status":"closed","ping_status":"closed","sticky":false,"template":"","format":"standard","meta":{"footnotes":""},"categories":[5],"tags":[],"class_list":{"0":"post-72584","1":"post","2":"type-post","3":"status-publish","4":"format-standard","5":"has-post-thumbnail","7":"category-lajme"},"_links":{"self":[{"href":"https:\/\/radiostargjilan.com\/web\/wp-json\/wp\/v2\/posts\/72584","targetHints":{"allow":["GET"]}}],"collection":[{"href":"https:\/\/radiostargjilan.com\/web\/wp-json\/wp\/v2\/posts"}],"about":[{"href":"https:\/\/radiostargjilan.com\/web\/wp-json\/wp\/v2\/types\/post"}],"author":[{"embeddable":true,"href":"https:\/\/radiostargjilan.com\/web\/wp-json\/wp\/v2\/users\/1"}],"replies":[{"embeddable":true,"href":"https:\/\/radiostargjilan.com\/web\/wp-json\/wp\/v2\/comments?post=72584"}],"version-history":[{"count":0,"href":"https:\/\/radiostargjilan.com\/web\/wp-json\/wp\/v2\/posts\/72584\/revisions"}],"wp:featuredmedia":[{"embeddable":true,"href":"https:\/\/radiostargjilan.com\/web\/wp-json\/wp\/v2\/media\/72585"}],"wp:attachment":[{"href":"https:\/\/radiostargjilan.com\/web\/wp-json\/wp\/v2\/media?parent=72584"}],"wp:term":[{"taxonomy":"category","embeddable":true,"href":"https:\/\/radiostargjilan.com\/web\/wp-json\/wp\/v2\/categories?post=72584"},{"taxonomy":"post_tag","embeddable":true,"href":"https:\/\/radiostargjilan.com\/web\/wp-json\/wp\/v2\/tags?post=72584"}],"curies":[{"name":"wp","href":"https:\/\/api.w.org\/{rel}","templated":true}]}}