{"id":73179,"date":"2021-02-01T18:02:52","date_gmt":"2021-02-01T18:02:52","guid":{"rendered":"https:\/\/radiostargjilan.com\/web\/?p=73179"},"modified":"2021-02-01T18:02:52","modified_gmt":"2021-02-01T18:02:52","slug":"haziri-e-hoti-vizitojne-kompanite-floil-dhe-calabria-krenohemi-me-brendet-qe-i-kane-dhene-gjilanit-e-kosoves","status":"publish","type":"post","link":"https:\/\/radiostargjilan.com\/web\/haziri-e-hoti-vizitojne-kompanite-floil-dhe-calabria-krenohemi-me-brendet-qe-i-kane-dhene-gjilanit-e-kosoves\/","title":{"rendered":"Haziri e Hoti vizitojn\u00eb kompanit\u00eb \u201cFloil\u201d dhe \u201cCalabria\u201d: Krenohemi me brendet q\u00eb i kan\u00eb dh\u00ebn\u00eb Gjilanit e Kosov\u00ebs"},"content":{"rendered":"<p>Kryeministrit i Republik\u00ebs, nj\u00ebher\u00ebsh kandidat i LDK-s\u00eb edhe p\u00ebr nj\u00eb mandat qeveris\u00ebs, Avdullah Hoti, s\u00eb bashku me kryetarin Deg\u00ebs, nj\u00ebher\u00ebsh n\u00ebnkryetar n\u00eb nivel Qendror, Lutfi Haziri, kan\u00eb vizituar kompanin\u00eb e vajit \u201cFloil\u201d dhe kompanin\u00eb p\u00ebr p\u00ebrpunimin e produkteve t\u00eb mishit \u201cCalabria\u201d.<\/p>\n<p>Ata jan\u00eb shprehur se krenohen me brendet q\u00eb i kan\u00eb sjell\u00eb Gjilanit dhe Kosov\u00ebs, t\u00eb cilat kan\u00eb dep\u00ebrtuar fuqish\u00ebm edhe n\u00eb tregun europian. <\/p>\n<p>Kryeministri Hoti dhe kryetari Haziri kan\u00eb prezantuar masave t\u00eb reja t\u00eb pakos ekonomike, ku do t\u00eb ndihmohen t\u00eb gjitha bizneset.<\/p>\n<p>Hoti e Haziri theksuan se programi yn\u00eb p\u00ebr zhvillim ekonomik \u00ebsht\u00eb i fokusuar tek bizneset, q\u00eb t\u00eb krijohen kushtet sipas standardeve evropiane dhe siguria n\u00eb pun\u00eb. <\/p>\n<p>\u201cFondi p\u00ebr garantim t\u00eb kredive \u00ebsht\u00eb nj\u00eb ndihm\u00eb e mir\u00eb q\u00eb bizneset t\u00eb ken\u00eb mund\u00ebsi m\u00eb t\u00eb leht\u00eb p\u00ebr qasje n\u00eb kredi\u201d, theksuan ata.<\/p>\n","protected":false},"excerpt":{"rendered":"<p>Kryeministrit i Republik\u00ebs, nj\u00ebher\u00ebsh kandidat i LDK-s\u00eb edhe p\u00ebr nj\u00eb mandat qeveris\u00ebs, Avdullah Hoti, s\u00eb bashku me kryetarin Deg\u00ebs, nj\u00ebher\u00ebsh n\u00ebnkryetar n\u00eb nivel Qendror, Lutfi Haziri, kan\u00eb vizituar kompanin\u00eb e vajit \u201cFloil\u201d dhe kompanin\u00eb p\u00ebr p\u00ebrpunimin e produkteve t\u00eb mishit \u201cCalabria\u201d. Ata jan\u00eb shprehur se krenohen me brendet q\u00eb i kan\u00eb sjell\u00eb Gjilanit dhe Kosov\u00ebs, [&hellip;]<\/p>\n","protected":false},"author":1,"featured_media":73180,"comment_status":"closed","ping_status":"closed","sticky":false,"template":"","format":"standard","meta":{"footnotes":""},"categories":[5],"tags":[],"class_list":{"0":"post-73179","1":"post","2":"type-post","3":"status-publish","4":"format-standard","5":"has-post-thumbnail","7":"category-lajme"},"_links":{"self":[{"href":"https:\/\/radiostargjilan.com\/web\/wp-json\/wp\/v2\/posts\/73179","targetHints":{"allow":["GET"]}}],"collection":[{"href":"https:\/\/radiostargjilan.com\/web\/wp-json\/wp\/v2\/posts"}],"about":[{"href":"https:\/\/radiostargjilan.com\/web\/wp-json\/wp\/v2\/types\/post"}],"author":[{"embeddable":true,"href":"https:\/\/radiostargjilan.com\/web\/wp-json\/wp\/v2\/users\/1"}],"replies":[{"embeddable":true,"href":"https:\/\/radiostargjilan.com\/web\/wp-json\/wp\/v2\/comments?post=73179"}],"version-history":[{"count":0,"href":"https:\/\/radiostargjilan.com\/web\/wp-json\/wp\/v2\/posts\/73179\/revisions"}],"wp:featuredmedia":[{"embeddable":true,"href":"https:\/\/radiostargjilan.com\/web\/wp-json\/wp\/v2\/media\/73180"}],"wp:attachment":[{"href":"https:\/\/radiostargjilan.com\/web\/wp-json\/wp\/v2\/media?parent=73179"}],"wp:term":[{"taxonomy":"category","embeddable":true,"href":"https:\/\/radiostargjilan.com\/web\/wp-json\/wp\/v2\/categories?post=73179"},{"taxonomy":"post_tag","embeddable":true,"href":"https:\/\/radiostargjilan.com\/web\/wp-json\/wp\/v2\/tags?post=73179"}],"curies":[{"name":"wp","href":"https:\/\/api.w.org\/{rel}","templated":true}]}}