{"id":73270,"date":"2021-02-03T08:44:56","date_gmt":"2021-02-03T08:44:56","guid":{"rendered":"https:\/\/radiostargjilan.com\/web\/?p=73270"},"modified":"2021-02-03T08:44:56","modified_gmt":"2021-02-03T08:44:56","slug":"kurti-nuk-do-te-kete-me-karton-te-gjelber-per-mergimtaret","status":"publish","type":"post","link":"https:\/\/radiostargjilan.com\/web\/kurti-nuk-do-te-kete-me-karton-te-gjelber-per-mergimtaret\/","title":{"rendered":"Kurti: Nuk do t\u00eb ket\u00eb m\u00eb karton t\u00eb gjelb\u00ebr p\u00ebr m\u00ebrgimtar\u00ebt"},"content":{"rendered":"<p>Kandidati p\u00ebr kryeminist\u00ebr nga Vet\u00ebvendosje, Albin Kurti ka hapur zyrtarisht fushat\u00ebn parazgjedhore duke shpalosur programin e Vet\u00ebvendosjes p\u00ebr zgjedhjet e 14 shkurtit.<\/p>\n<p>Ai ka folur p\u00ebr luftimin e pandemis\u00eb, zhvillimin ekonomik, arsim e bujq\u00ebsi.<\/p>\n<p>N\u00eb fokus t\u00eb programit t\u00eb Vet\u00ebvendosjes u p\u00ebrmend edhe diaspora.<\/p>\n<p>Sipas Kurtit, roli i m\u00ebrgat\u00ebs n\u00eb ekonomin\u00eb e Kosov\u00ebs ka qen\u00eb i madh por sipas tij m\u00ebrgata ka potencial shum\u00ebfish m\u00eb t\u00eb madh p\u00ebr zhvillimin ekonomik dhe pjes\u00ebmarrjen e tyre aktive n\u00eb zhvillimin e Kosov\u00ebs.<\/p>\n<p>\u201cNuk do t\u00eb ket\u00eb karton t\u00eb gjelb\u00ebr m\u00eb p\u00ebr m\u00ebrgat\u00ebn\u201d, ka premtuar Kurti.<\/p>\n","protected":false},"excerpt":{"rendered":"<p>Kandidati p\u00ebr kryeminist\u00ebr nga Vet\u00ebvendosje, Albin Kurti ka hapur zyrtarisht fushat\u00ebn parazgjedhore duke shpalosur programin e Vet\u00ebvendosjes p\u00ebr zgjedhjet e 14 shkurtit. Ai ka folur p\u00ebr luftimin e pandemis\u00eb, zhvillimin ekonomik, arsim e bujq\u00ebsi. N\u00eb fokus t\u00eb programit t\u00eb Vet\u00ebvendosjes u p\u00ebrmend edhe diaspora. Sipas Kurtit, roli i m\u00ebrgat\u00ebs n\u00eb ekonomin\u00eb e Kosov\u00ebs ka qen\u00eb [&hellip;]<\/p>\n","protected":false},"author":1,"featured_media":73263,"comment_status":"closed","ping_status":"closed","sticky":false,"template":"","format":"standard","meta":{"footnotes":""},"categories":[5],"tags":[],"class_list":{"0":"post-73270","1":"post","2":"type-post","3":"status-publish","4":"format-standard","5":"has-post-thumbnail","7":"category-lajme"},"_links":{"self":[{"href":"https:\/\/radiostargjilan.com\/web\/wp-json\/wp\/v2\/posts\/73270","targetHints":{"allow":["GET"]}}],"collection":[{"href":"https:\/\/radiostargjilan.com\/web\/wp-json\/wp\/v2\/posts"}],"about":[{"href":"https:\/\/radiostargjilan.com\/web\/wp-json\/wp\/v2\/types\/post"}],"author":[{"embeddable":true,"href":"https:\/\/radiostargjilan.com\/web\/wp-json\/wp\/v2\/users\/1"}],"replies":[{"embeddable":true,"href":"https:\/\/radiostargjilan.com\/web\/wp-json\/wp\/v2\/comments?post=73270"}],"version-history":[{"count":0,"href":"https:\/\/radiostargjilan.com\/web\/wp-json\/wp\/v2\/posts\/73270\/revisions"}],"wp:featuredmedia":[{"embeddable":true,"href":"https:\/\/radiostargjilan.com\/web\/wp-json\/wp\/v2\/media\/73263"}],"wp:attachment":[{"href":"https:\/\/radiostargjilan.com\/web\/wp-json\/wp\/v2\/media?parent=73270"}],"wp:term":[{"taxonomy":"category","embeddable":true,"href":"https:\/\/radiostargjilan.com\/web\/wp-json\/wp\/v2\/categories?post=73270"},{"taxonomy":"post_tag","embeddable":true,"href":"https:\/\/radiostargjilan.com\/web\/wp-json\/wp\/v2\/tags?post=73270"}],"curies":[{"name":"wp","href":"https:\/\/api.w.org\/{rel}","templated":true}]}}