{"id":73931,"date":"2021-02-12T22:03:02","date_gmt":"2021-02-12T22:03:02","guid":{"rendered":"https:\/\/radiostargjilan.com\/web\/?p=73931"},"modified":"2021-02-12T22:03:02","modified_gmt":"2021-02-12T22:03:02","slug":"rinia-e-gjilanit-vulosi-fitoren-e-madhe-te-ldk-se","status":"publish","type":"post","link":"https:\/\/radiostargjilan.com\/web\/rinia-e-gjilanit-vulosi-fitoren-e-madhe-te-ldk-se\/","title":{"rendered":"Rinia e Gjilanit vulosi fitoren e madhe t\u00eb LDK-s\u00eb"},"content":{"rendered":"<p>Lutfi Haziri, kryetar i Deg\u00ebs s\u00eb LDK-s\u00eb n\u00eb Gjilan \u00ebsht\u00eb emocionuar tej mase me mb\u00ebshtetjen e jasht\u00ebzakonshme t\u00eb rinis\u00eb s\u00eb k\u00ebsaj komune, n\u00eb tubimin e parafundit zgjedhor.<\/p>\n<p>\u201cA ka m\u00eb mir\u00eb se me e p\u00ebrfundu fushat\u00ebn elektorale me t\u00eb tashmen dhe t\u00eb ardhmen ton\u00eb \u2013 rinin\u00eb. N\u00ebse kan\u00eb kujtu disa q\u00eb LDK \u00ebsht\u00eb \u2018old fshashion;, e kan\u00eb gabim. Kjo pjes\u00ebmarrje e rinis\u00eb s\u00eb Gjilanit e demanton k\u00ebt\u00eb. Nuk kam fjal\u00eb. Ju fal\u00ebmnderit shum\u00eb. Me t\u00eb tashmen dhe t\u00eb ardhmen e Republik\u00ebs, m\u00eb 14 shkurt do ta b\u00ebjm\u00eb fitoren e madhe t\u00eb LDK-s\u00eb dhe kandidat\u00ebve tan\u00eb p\u00ebr deputet\u00eb. P\u00ebr Gjilanin, p\u00ebr Anamorav\u00ebn, p\u00ebr Republik\u00ebn. Shihemi n\u00eb fest\u00ebn e madhe. Kam me mbet\u00eb gjithmon\u00eb, Luta i juaj!\u201d, ka th\u00ebn\u00eb Haziri.<\/p>\n<p>Kryetarja e Forumit t\u00eb Rinis\u00eb t\u00eb LDK-s\u00eb n\u00eb Gjilan, Rina Ahmeti, ka th\u00ebn\u00eb se me k\u00ebt\u00eb pjes\u00ebmarrje masive, rinia ia ka dh\u00ebn\u00eb madh\u00ebshtin\u00eb partis\u00eb s\u00eb Ibrahim Rugov\u00ebs.<\/p>\n<p>\u201cMe k\u00ebt\u00eb pjes\u00ebmarrje masive sonte, i keni dh\u00ebn\u00eb madh\u00ebshti LDK-s\u00eb. Republika ka nevoj\u00eb p\u00ebr gjeneratat e reja t\u00eb cilat do t\u00eb jen\u00eb t\u00eb gatshme t\u00eb udh\u00ebheqin dhe ta zhvillojn\u00eb vendin. Me ju, do t\u2019i japim jet\u00eb ideve p\u00ebr zhvillimin. Ju jeni aseti m\u00eb i r\u00ebnd\u00ebsish\u00ebm i shtetit ton\u00eb, ju jeni promotor i fitoreve t\u00eb LDK dhe i proceseve demokratike n\u00eb vendin ton\u00eb. Faleminderit p\u00ebr k\u00ebt\u00eb madh\u00ebshti\u201d, ka th\u00ebn\u00eb Ahmeti.<\/p>\n<p>Kandidat\u00ebt p\u00ebr deputet\u00eb kan\u00eb th\u00ebn\u00eb se ndihen t\u00eb nderuar me k\u00ebt\u00eb mb\u00ebshtetje t\u00eb rinis\u00eb gjilanase p\u00ebr ta dhe LDK-n\u00eb.<\/p>\n<p>Gjilan garon n\u00eb zgjedhjet e 14 shkurtit me m\u00eb t\u00eb mir\u00ebt:<\/p>\n<p>Lirije Kajtazi \u2013 6<br \/>\nImet Rrahmani \u2013 20<br \/>\nValentina Bunjaku-Rexhepi \u2013 21<br \/>\nFaton Bislimi \u2013 43<br \/>\nRamiz Ramadani \u2013 80<br \/>\nAvdi Pireva \u2013 68<br \/>\nAjet Avdyli &#8211; 83<\/p>\n","protected":false},"excerpt":{"rendered":"<p>Lutfi Haziri, kryetar i Deg\u00ebs s\u00eb LDK-s\u00eb n\u00eb Gjilan \u00ebsht\u00eb emocionuar tej mase me mb\u00ebshtetjen e jasht\u00ebzakonshme t\u00eb rinis\u00eb s\u00eb k\u00ebsaj komune, n\u00eb tubimin e parafundit zgjedhor. \u201cA ka m\u00eb mir\u00eb se me e p\u00ebrfundu fushat\u00ebn elektorale me t\u00eb tashmen dhe t\u00eb ardhmen ton\u00eb \u2013 rinin\u00eb. N\u00ebse kan\u00eb kujtu disa q\u00eb LDK \u00ebsht\u00eb \u2018old fshashion;, [&hellip;]<\/p>\n","protected":false},"author":1,"featured_media":73932,"comment_status":"closed","ping_status":"closed","sticky":false,"template":"","format":"standard","meta":{"footnotes":""},"categories":[5],"tags":[],"class_list":{"0":"post-73931","1":"post","2":"type-post","3":"status-publish","4":"format-standard","5":"has-post-thumbnail","7":"category-lajme"},"_links":{"self":[{"href":"https:\/\/radiostargjilan.com\/web\/wp-json\/wp\/v2\/posts\/73931","targetHints":{"allow":["GET"]}}],"collection":[{"href":"https:\/\/radiostargjilan.com\/web\/wp-json\/wp\/v2\/posts"}],"about":[{"href":"https:\/\/radiostargjilan.com\/web\/wp-json\/wp\/v2\/types\/post"}],"author":[{"embeddable":true,"href":"https:\/\/radiostargjilan.com\/web\/wp-json\/wp\/v2\/users\/1"}],"replies":[{"embeddable":true,"href":"https:\/\/radiostargjilan.com\/web\/wp-json\/wp\/v2\/comments?post=73931"}],"version-history":[{"count":0,"href":"https:\/\/radiostargjilan.com\/web\/wp-json\/wp\/v2\/posts\/73931\/revisions"}],"wp:featuredmedia":[{"embeddable":true,"href":"https:\/\/radiostargjilan.com\/web\/wp-json\/wp\/v2\/media\/73932"}],"wp:attachment":[{"href":"https:\/\/radiostargjilan.com\/web\/wp-json\/wp\/v2\/media?parent=73931"}],"wp:term":[{"taxonomy":"category","embeddable":true,"href":"https:\/\/radiostargjilan.com\/web\/wp-json\/wp\/v2\/categories?post=73931"},{"taxonomy":"post_tag","embeddable":true,"href":"https:\/\/radiostargjilan.com\/web\/wp-json\/wp\/v2\/tags?post=73931"}],"curies":[{"name":"wp","href":"https:\/\/api.w.org\/{rel}","templated":true}]}}