{"id":74164,"date":"2021-02-18T12:18:51","date_gmt":"2021-02-18T12:18:51","guid":{"rendered":"https:\/\/radiostargjilan.com\/web\/?p=74164"},"modified":"2021-02-18T12:18:51","modified_gmt":"2021-02-18T12:18:51","slug":"keta-jane-emrat-e-37-deputeteve-te-rinj-nga-lista-e-lvvse-te-konfirmuar-deri-me-tani","status":"publish","type":"post","link":"https:\/\/radiostargjilan.com\/web\/keta-jane-emrat-e-37-deputeteve-te-rinj-nga-lista-e-lvvse-te-konfirmuar-deri-me-tani\/","title":{"rendered":"K\u00ebta jan\u00eb emrat e 37 deputet\u00ebve t\u00eb rinj nga lista e LVV\u2019s\u00eb t\u00eb konfirmuar deri m\u00eb tani"},"content":{"rendered":"<p>L\u00ebvizja Vet\u00ebvendosje fitoi bindsh\u00ebm n\u00eb zgjedhjet e 14 shkurtit, ku n\u00eb list\u00ebn e saj ishte edhe \u201cLista Vjosa\u201d me disa kandidat\u00eb p\u00ebr deputet\u00eb.<\/p>\n<p>Sipas t\u00eb dh\u00ebnave t\u00eb para, ku ende nuk jan\u00eb num\u00ebruar votat e diaspor\u00ebs, Vet\u00ebvendosja ka arritur t\u2019i siguroj\u00eb 56 ul\u00ebse, t\u00eb cilat mund t\u00eb rriten me votat e diaspor\u00ebs.<\/p>\n<p>Deri m\u00eb tani, raportohet se 37 deputet\u00eb e kan\u00eb siguruar pjes\u00ebmarrjen n\u00eb Kuvend n\u00eb legjislatur\u00ebn e ardhshme.<\/p>\n<p>Lista:<\/p>\n<p>Vjosa Osmani<\/p>\n<p>Glauk Konjufca<\/p>\n<p>Vasfije Krasniqi<\/p>\n<p>Avni Dehari<\/p>\n<p>Arben Vitia<\/p>\n<p>Donika G\u00ebrvalla<\/p>\n<p>Shqipe Selimi<\/p>\n<p>Liburn Aliu<\/p>\n<p>Hekuran Murati<\/p>\n<p>Armend Muja<\/p>\n<p>Arb\u00ebria Nagavci<\/p>\n<p>Haxhi Avdyli<\/p>\n<p>Fatmire Koll\u00e7aku<\/p>\n<p>Mimoza Kusari Lila<\/p>\n<p>Haki Abazi<\/p>\n<p>Xhelal Sve\u00e7la<\/p>\n<p>Saranda Bogujevci<\/p>\n<p>Faton Peci<\/p>\n<p>Fitore Pacolli<\/p>\n<p>Hysamedin Feraj<\/p>\n<p>Hajrullah \u00c7eku<\/p>\n<p>Doarsa Kica Xhelili<\/p>\n<p>Fitim Uka<\/p>\n<p>Fitim Haziri<\/p>\n<p>Arb\u00ebr Rexhaj<\/p>\n<p>Dimal Basha<\/p>\n<p>Enver Dugolli<\/p>\n<p>Valon Ramadani<\/p>\n<p>Albana Morina Xharra<\/p>\n<p>Agon Batusha<\/p>\n<p>Mefail Bajqinovci<\/p>\n<p>Adriana Matoshi<\/p>\n<p>Eman Rrahmani<\/p>\n<p>Drita Millaku<\/p>\n<p>Vendenis Lahu<\/p>\n<p>Salih Zyba<\/p>\n<p>Leonora Svar\u00e7a<\/p>\n<p>*Renditja e emrave nuk \u00ebsht\u00eb n\u00eb baz\u00eb t\u00eb votave.<\/p>\n","protected":false},"excerpt":{"rendered":"<p>L\u00ebvizja Vet\u00ebvendosje fitoi bindsh\u00ebm n\u00eb zgjedhjet e 14 shkurtit, ku n\u00eb list\u00ebn e saj ishte edhe \u201cLista Vjosa\u201d me disa kandidat\u00eb p\u00ebr deputet\u00eb. Sipas t\u00eb dh\u00ebnave t\u00eb para, ku ende nuk jan\u00eb num\u00ebruar votat e diaspor\u00ebs, Vet\u00ebvendosja ka arritur t\u2019i siguroj\u00eb 56 ul\u00ebse, t\u00eb cilat mund t\u00eb rriten me votat e diaspor\u00ebs. Deri m\u00eb tani, [&hellip;]<\/p>\n","protected":false},"author":1,"featured_media":74165,"comment_status":"closed","ping_status":"closed","sticky":false,"template":"","format":"standard","meta":{"footnotes":""},"categories":[5],"tags":[],"class_list":{"0":"post-74164","1":"post","2":"type-post","3":"status-publish","4":"format-standard","5":"has-post-thumbnail","7":"category-lajme"},"_links":{"self":[{"href":"https:\/\/radiostargjilan.com\/web\/wp-json\/wp\/v2\/posts\/74164","targetHints":{"allow":["GET"]}}],"collection":[{"href":"https:\/\/radiostargjilan.com\/web\/wp-json\/wp\/v2\/posts"}],"about":[{"href":"https:\/\/radiostargjilan.com\/web\/wp-json\/wp\/v2\/types\/post"}],"author":[{"embeddable":true,"href":"https:\/\/radiostargjilan.com\/web\/wp-json\/wp\/v2\/users\/1"}],"replies":[{"embeddable":true,"href":"https:\/\/radiostargjilan.com\/web\/wp-json\/wp\/v2\/comments?post=74164"}],"version-history":[{"count":0,"href":"https:\/\/radiostargjilan.com\/web\/wp-json\/wp\/v2\/posts\/74164\/revisions"}],"wp:featuredmedia":[{"embeddable":true,"href":"https:\/\/radiostargjilan.com\/web\/wp-json\/wp\/v2\/media\/74165"}],"wp:attachment":[{"href":"https:\/\/radiostargjilan.com\/web\/wp-json\/wp\/v2\/media?parent=74164"}],"wp:term":[{"taxonomy":"category","embeddable":true,"href":"https:\/\/radiostargjilan.com\/web\/wp-json\/wp\/v2\/categories?post=74164"},{"taxonomy":"post_tag","embeddable":true,"href":"https:\/\/radiostargjilan.com\/web\/wp-json\/wp\/v2\/tags?post=74164"}],"curies":[{"name":"wp","href":"https:\/\/api.w.org\/{rel}","templated":true}]}}