{"id":74186,"date":"2021-02-18T13:40:36","date_gmt":"2021-02-18T13:40:36","guid":{"rendered":"https:\/\/radiostargjilan.com\/web\/?p=74186"},"modified":"2021-02-18T13:40:36","modified_gmt":"2021-02-18T13:40:36","slug":"aktakuze-per-keqperdorim-te-pozites-apo-autoritetit-zyrtar","status":"publish","type":"post","link":"https:\/\/radiostargjilan.com\/web\/aktakuze-per-keqperdorim-te-pozites-apo-autoritetit-zyrtar\/","title":{"rendered":"Aktakuz\u00eb p\u00ebr keqp\u00ebrdorim t\u00eb pozit\u00ebs apo autoritetit zyrtar"},"content":{"rendered":"<p>Prokuroria Themelore n\u00eb Gjilan, Departamenti p\u00ebr Krime t\u00eb R\u00ebnda, ka ngritur aktakuz\u00eb kund\u00ebr t\u00eb pandehurit B.B., p\u00ebr shkak t\u00eb vepr\u00ebs penale \u2018\u2019Keqp\u00ebrdorimi i pozit\u00ebs apo autoritetit zyrtar\u2019\u2019, nga neni 414 t\u00eb Kodit Penal t\u00eb Republik\u00ebs s\u00eb Kosov\u00ebs.<\/p>\n<p>Sipas aktakuz\u00ebs, i pandehuri B.B., gjat\u00eb vitit 2019, duke shfryt\u00ebzuar pozit\u00ebn e tij zyrtare, Drejtor n\u00eb Drejtorin\u00eb p\u00ebr Urbaniz\u00ebm, Planifikim dhe Mbrojtje t\u00eb Mjedisit, n\u00eb komun\u00ebn e Gjilanit, nuk ka p\u00ebrmbushur detyrat e tij zyrtare, duke anashkaluar interesin e institucionit, ku n\u00eb kund\u00ebrshtim me destinimin e planifikuar sipas planit rregullues \u2018\u2019Livadhet e Arapit\u2019\u2019, n\u00eb m\u00ebnyr\u00eb t\u00eb kund\u00ebrligjshme ka l\u00ebshuar dy leje nd\u00ebrtimore p\u00ebr dy kompani nd\u00ebrtimi.<\/p>\n<p>Prokuroria Themelore n\u00eb Gjilan, me rastin e ngritjes s\u00eb aktakuz\u00ebs, i ka propozuar Gjykat\u00ebs kompetente n\u00eb Gjilan, q\u00eb t\u00eb pandehurin ta shpall\u00eb fajtor p\u00ebr k\u00ebt\u00eb vep\u00ebr penale dhe t\u00eb nj\u00ebjtit ti shqiptoj\u00eb edhe d\u00ebnimin plot\u00ebsues, ndalimin e ushtrimit t\u00eb funksioneve n\u00eb administrat\u00ebn publike ose n\u00eb sh\u00ebrbimin publik.<\/p>\n","protected":false},"excerpt":{"rendered":"<p>Prokuroria Themelore n\u00eb Gjilan, Departamenti p\u00ebr Krime t\u00eb R\u00ebnda, ka ngritur aktakuz\u00eb kund\u00ebr t\u00eb pandehurit B.B., p\u00ebr shkak t\u00eb vepr\u00ebs penale \u2018\u2019Keqp\u00ebrdorimi i pozit\u00ebs apo autoritetit zyrtar\u2019\u2019, nga neni 414 t\u00eb Kodit Penal t\u00eb Republik\u00ebs s\u00eb Kosov\u00ebs. Sipas aktakuz\u00ebs, i pandehuri B.B., gjat\u00eb vitit 2019, duke shfryt\u00ebzuar pozit\u00ebn e tij zyrtare, Drejtor n\u00eb Drejtorin\u00eb p\u00ebr [&hellip;]<\/p>\n","protected":false},"author":1,"featured_media":74187,"comment_status":"closed","ping_status":"closed","sticky":false,"template":"","format":"standard","meta":{"footnotes":""},"categories":[5],"tags":[],"class_list":{"0":"post-74186","1":"post","2":"type-post","3":"status-publish","4":"format-standard","5":"has-post-thumbnail","7":"category-lajme"},"_links":{"self":[{"href":"https:\/\/radiostargjilan.com\/web\/wp-json\/wp\/v2\/posts\/74186","targetHints":{"allow":["GET"]}}],"collection":[{"href":"https:\/\/radiostargjilan.com\/web\/wp-json\/wp\/v2\/posts"}],"about":[{"href":"https:\/\/radiostargjilan.com\/web\/wp-json\/wp\/v2\/types\/post"}],"author":[{"embeddable":true,"href":"https:\/\/radiostargjilan.com\/web\/wp-json\/wp\/v2\/users\/1"}],"replies":[{"embeddable":true,"href":"https:\/\/radiostargjilan.com\/web\/wp-json\/wp\/v2\/comments?post=74186"}],"version-history":[{"count":0,"href":"https:\/\/radiostargjilan.com\/web\/wp-json\/wp\/v2\/posts\/74186\/revisions"}],"wp:featuredmedia":[{"embeddable":true,"href":"https:\/\/radiostargjilan.com\/web\/wp-json\/wp\/v2\/media\/74187"}],"wp:attachment":[{"href":"https:\/\/radiostargjilan.com\/web\/wp-json\/wp\/v2\/media?parent=74186"}],"wp:term":[{"taxonomy":"category","embeddable":true,"href":"https:\/\/radiostargjilan.com\/web\/wp-json\/wp\/v2\/categories?post=74186"},{"taxonomy":"post_tag","embeddable":true,"href":"https:\/\/radiostargjilan.com\/web\/wp-json\/wp\/v2\/tags?post=74186"}],"curies":[{"name":"wp","href":"https:\/\/api.w.org\/{rel}","templated":true}]}}