{"id":74586,"date":"2021-02-24T15:36:39","date_gmt":"2021-02-24T15:36:39","guid":{"rendered":"https:\/\/radiostargjilan.com\/web\/?p=74586"},"modified":"2021-02-24T15:36:39","modified_gmt":"2021-02-24T15:36:39","slug":"presidenti-i-drites-valon-murseli-reagon-ne-kete-menyre-pas-humbjes-nga-prishtina","status":"publish","type":"post","link":"https:\/\/radiostargjilan.com\/web\/presidenti-i-drites-valon-murseli-reagon-ne-kete-menyre-pas-humbjes-nga-prishtina\/","title":{"rendered":"Presidenti i Drit\u00ebs, Valon Murseli, reagon n\u00eb k\u00ebt\u00eb m\u00ebnyr\u00eb pas humbjes nga Prishtina"},"content":{"rendered":"<p>N\u00eb stadiumin \u2018Fadil Vokrri\u2019, sot Prishtina \u00ebsht\u00eb takuar me Drit\u00ebn n\u00eb kuad\u00ebr t\u00eb xhiros s\u00eb 21-t\u00eb shkruan Radio Star.<\/p>\n<p>Skuadra gjilanase ka p\u00ebsuar humbjen e dyt\u00eb n\u00eb k\u00ebt\u00eb stinor, jav\u00ebn e kaluar humbi si vendas nga Trep\u00e7a\u201989 kurse sot nga Prishtina me rezultat 2 me 0, pas k\u00ebsaj humbje p\u00ebrmes nj\u00eb shkrimi n\u00eb facebook, presidenti i Fc Drit\u00ebs Valon Murseli ka th\u00ebn\u00eb se kjo humbje vet\u00ebm se i b\u00ebn\u00eb m\u00eb t\u00eb fort.<\/p>\n<p>Shkrimi i plot\u00eb:<\/p>\n<p>Askush nuk \u00ebsht\u00eb si ne! Ne jemi DRITA, ne jem Kampioni!<\/p>\n<p>Keto humbje vet\u00ebm se na bejn\u00eb m\u00eb t\u00eb fort! K\u00ebshtu ishim edhe vjet, do t\u00eb jemi edhe sivjet! Ne flasim n\u00eb fund! <\/p>\n<p>Forca DRITA, Forca INTELEKTUAL!<\/p>\n<p>DRITA KRENARI, DRITA DASHURI<\/p>\n","protected":false},"excerpt":{"rendered":"<p>N\u00eb stadiumin \u2018Fadil Vokrri\u2019, sot Prishtina \u00ebsht\u00eb takuar me Drit\u00ebn n\u00eb kuad\u00ebr t\u00eb xhiros s\u00eb 21-t\u00eb shkruan Radio Star. Skuadra gjilanase ka p\u00ebsuar humbjen e dyt\u00eb n\u00eb k\u00ebt\u00eb stinor, jav\u00ebn e kaluar humbi si vendas nga Trep\u00e7a\u201989 kurse sot nga Prishtina me rezultat 2 me 0, pas k\u00ebsaj humbje p\u00ebrmes nj\u00eb shkrimi n\u00eb facebook, presidenti [&hellip;]<\/p>\n","protected":false},"author":1,"featured_media":74587,"comment_status":"closed","ping_status":"closed","sticky":false,"template":"","format":"standard","meta":{"footnotes":""},"categories":[7],"tags":[],"class_list":{"0":"post-74586","1":"post","2":"type-post","3":"status-publish","4":"format-standard","5":"has-post-thumbnail","7":"category-sports"},"_links":{"self":[{"href":"https:\/\/radiostargjilan.com\/web\/wp-json\/wp\/v2\/posts\/74586","targetHints":{"allow":["GET"]}}],"collection":[{"href":"https:\/\/radiostargjilan.com\/web\/wp-json\/wp\/v2\/posts"}],"about":[{"href":"https:\/\/radiostargjilan.com\/web\/wp-json\/wp\/v2\/types\/post"}],"author":[{"embeddable":true,"href":"https:\/\/radiostargjilan.com\/web\/wp-json\/wp\/v2\/users\/1"}],"replies":[{"embeddable":true,"href":"https:\/\/radiostargjilan.com\/web\/wp-json\/wp\/v2\/comments?post=74586"}],"version-history":[{"count":0,"href":"https:\/\/radiostargjilan.com\/web\/wp-json\/wp\/v2\/posts\/74586\/revisions"}],"wp:featuredmedia":[{"embeddable":true,"href":"https:\/\/radiostargjilan.com\/web\/wp-json\/wp\/v2\/media\/74587"}],"wp:attachment":[{"href":"https:\/\/radiostargjilan.com\/web\/wp-json\/wp\/v2\/media?parent=74586"}],"wp:term":[{"taxonomy":"category","embeddable":true,"href":"https:\/\/radiostargjilan.com\/web\/wp-json\/wp\/v2\/categories?post=74586"},{"taxonomy":"post_tag","embeddable":true,"href":"https:\/\/radiostargjilan.com\/web\/wp-json\/wp\/v2\/tags?post=74586"}],"curies":[{"name":"wp","href":"https:\/\/api.w.org\/{rel}","templated":true}]}}