{"id":75504,"date":"2021-03-07T23:28:03","date_gmt":"2021-03-07T23:28:03","guid":{"rendered":"https:\/\/radiostargjilan.com\/web\/?p=75504"},"modified":"2021-03-07T23:28:03","modified_gmt":"2021-03-07T23:28:03","slug":"zymberi-i-reagon-duros-po-mendon-se-ka-ardhur-ta-shpik-futbollin-ne-kosove","status":"publish","type":"post","link":"https:\/\/radiostargjilan.com\/web\/zymberi-i-reagon-duros-po-mendon-se-ka-ardhur-ta-shpik-futbollin-ne-kosove\/","title":{"rendered":"Zymberi i reagon Duros: Po mendon se ka ardhur ta shpik futbollin n\u00eb Kosov\u00eb"},"content":{"rendered":"<p>Drita ka marr\u00eb nj\u00eb tre pik\u00ebsh t\u00eb art\u00eb nga udh\u00ebtimi n\u00eb Drenas.<\/p>\n<p>Gjilanasit triumfuan me rezultat minimal 0-1 fal\u00eb nj\u00eb goli t\u00eb sh\u00ebnuar nga Festim Alidema.<\/p>\n<p>Por pas p\u00ebrfundimit t\u00eb ndeshjes, trajneri i Feronikelit, Klodian Duro ka shp\u00ebrthyer n\u00eb akuza.<\/p>\n<p>Gjithsesi akuzave t\u00eb Duros i \u00ebsht\u00eb p\u00ebrgjigjur drejtori sportiv i kampionit n\u00eb fuqi t\u00eb Kosov\u00ebs, Drit\u00ebs, Valon Zymberi q\u00eb fillimisht foli p\u00ebr ndeshjen.<\/p>\n<p>\u201cE kemi ditur q\u00eb nuk do t\u00eb jet\u00eb aspak e leht\u00eb, pasi secila skuad\u00ebr ka ato synimet e veta\u201d. \u201cKa qen\u00eb nj\u00eb ndeshje e v\u00ebshtir\u00eb, por as ne nuk kemi pasur nj\u00eb ecuri konstante dhe mendoj se ka qen\u00eb nj\u00eb fitore shum\u00eb e r\u00ebnd\u00ebsishme\u201d, ka th\u00ebn\u00eb Zymberi n\u00eb emisionin Dueli Sportiv n\u00eb RTV Dukagjini. Tutje drejtori sportiv i kampionit n\u00eb fuqi t\u00eb Kosov\u00ebs ka shp\u00ebrthyer ndaj trajnerit t\u00eb Feronikelit, Klodian Duros, i cili deklaroi se p\u00ebrs\u00ebri jan\u00eb d\u00ebmtuar nga gjyqtar\u00ebt dhe p\u00ebrs\u00ebri nga e nj\u00ebjta skuad\u00ebr.<\/p>\n<p>\u201cShumica e trajner\u00ebve pa e pa ndeshjen e sekuencat japin deklarata t\u00eb tilla si ai i Feronikelit\u201d.<\/p>\n<p>\u201cJam habitur si ka mund\u00ebsi q\u00eb ai paragjykon pa par\u00eb sekuencat\u201d.<\/p>\n<p>\u201cTrajner\u00ebt n\u00eb Kosov\u00eb jan\u00eb t\u00eb p\u00ebrmbajtur, por k\u00ebta trajner\u00eb q\u00eb vijn\u00eb nga jasht\u00eb mundohen me na shpik ujin e vok\u00ebt\u201d.<\/p>\n<p>\u201cKa pasur nj\u00eb karrier\u00eb t\u00eb jasht\u00ebzakonshme, ai nuk ka ardhur ktu me shpik futbollin pasi ktu nuk po nis gjith\u00e7ka prej zeros\u201d. \u201cVet tifoz\u00ebt e Feronikelit i kan\u00eb reaguar k\u00ebtij duke i th\u00ebn\u00eb \u2018Nuk t\u00eb kemi thirrur si ekspert, por si trajner\u2019. Ai nuk e b\u00ebn pun\u00ebn e tij, por e luan ekspertin e gjyqtar\u00ebve, ekipeve dhe Superlig\u00ebs\u201d.<\/p>\n<p>\u201cUn\u00eb mendoj se ky me disa deklarata t\u00eb caktuara e ka n\u00ebn\u00e7muar Superlig\u00ebn e Kosov\u00ebs, i ka n\u00ebn\u00e7muar gjyqtar\u00ebt kosovar\u00eb i ka n\u00ebn\u00e7muar edhe investitor\u00ebt q\u00eb tash e m\u00eb shum\u00eb se 20 vite kan\u00eb investuar n\u00eb futbollin e Kosov\u00ebs\u201d.<\/p>\n<p>\u201cPe them k\u00ebtu publikisht se kam d\u00ebrguar nj\u00eb email n\u00eb FFK q\u00eb asnj\u00eb person q\u00eb \u00ebsht\u00eb i licencuar pran\u00eb Federat\u00eb s\u00eb Futbollit t\u00eb Kosov\u00ebs nuk ka t\u00eb drejt\u00eb me zbeh imazhin e futbollit t\u00eb Kosov\u00ebs\u201d, ka deklaruar Zymberi..<img loading=\"lazy\" loading=\"lazy\" decoding=\"async\" src=\"https:\/\/radiostargjilan.com\/web\/wp-content\/uploads\/2021\/03\/5F836F57-0FFF-4C26-A35A-5F8F7A659A91.jpeg\" alt=\"\" width=\"960\" height=\"639\" class=\"aligncenter size-full wp-image-75506\" srcset=\"https:\/\/radiostargjilan.com\/web\/wp-content\/uploads\/2021\/03\/5F836F57-0FFF-4C26-A35A-5F8F7A659A91.jpeg 960w, https:\/\/radiostargjilan.com\/web\/wp-content\/uploads\/2021\/03\/5F836F57-0FFF-4C26-A35A-5F8F7A659A91-300x200.jpeg 300w, https:\/\/radiostargjilan.com\/web\/wp-content\/uploads\/2021\/03\/5F836F57-0FFF-4C26-A35A-5F8F7A659A91-768x511.jpeg 768w, https:\/\/radiostargjilan.com\/web\/wp-content\/uploads\/2021\/03\/5F836F57-0FFF-4C26-A35A-5F8F7A659A91-600x399.jpeg 600w\" sizes=\"auto, (max-width: 960px) 100vw, 960px\" \/><img loading=\"lazy\" loading=\"lazy\" decoding=\"async\" src=\"https:\/\/radiostargjilan.com\/web\/wp-content\/uploads\/2021\/03\/84E0C664-6E4E-4975-96AD-A2003CE85C53.jpeg\" alt=\"\" width=\"1024\" height=\"576\" class=\"aligncenter size-full wp-image-75507\" srcset=\"https:\/\/radiostargjilan.com\/web\/wp-content\/uploads\/2021\/03\/84E0C664-6E4E-4975-96AD-A2003CE85C53.jpeg 1024w, https:\/\/radiostargjilan.com\/web\/wp-content\/uploads\/2021\/03\/84E0C664-6E4E-4975-96AD-A2003CE85C53-300x169.jpeg 300w, https:\/\/radiostargjilan.com\/web\/wp-content\/uploads\/2021\/03\/84E0C664-6E4E-4975-96AD-A2003CE85C53-768x432.jpeg 768w, https:\/\/radiostargjilan.com\/web\/wp-content\/uploads\/2021\/03\/84E0C664-6E4E-4975-96AD-A2003CE85C53-390x220.jpeg 390w, https:\/\/radiostargjilan.com\/web\/wp-content\/uploads\/2021\/03\/84E0C664-6E4E-4975-96AD-A2003CE85C53-600x338.jpeg 600w\" sizes=\"auto, (max-width: 1024px) 100vw, 1024px\" \/><\/p>\n","protected":false},"excerpt":{"rendered":"<p>Drita ka marr\u00eb nj\u00eb tre pik\u00ebsh t\u00eb art\u00eb nga udh\u00ebtimi n\u00eb Drenas. Gjilanasit triumfuan me rezultat minimal 0-1 fal\u00eb nj\u00eb goli t\u00eb sh\u00ebnuar nga Festim Alidema. Por pas p\u00ebrfundimit t\u00eb ndeshjes, trajneri i Feronikelit, Klodian Duro ka shp\u00ebrthyer n\u00eb akuza. Gjithsesi akuzave t\u00eb Duros i \u00ebsht\u00eb p\u00ebrgjigjur drejtori sportiv i kampionit n\u00eb fuqi t\u00eb Kosov\u00ebs, [&hellip;]<\/p>\n","protected":false},"author":1,"featured_media":75505,"comment_status":"closed","ping_status":"closed","sticky":false,"template":"","format":"standard","meta":{"footnotes":""},"categories":[7],"tags":[],"class_list":{"0":"post-75504","1":"post","2":"type-post","3":"status-publish","4":"format-standard","5":"has-post-thumbnail","7":"category-sports"},"_links":{"self":[{"href":"https:\/\/radiostargjilan.com\/web\/wp-json\/wp\/v2\/posts\/75504","targetHints":{"allow":["GET"]}}],"collection":[{"href":"https:\/\/radiostargjilan.com\/web\/wp-json\/wp\/v2\/posts"}],"about":[{"href":"https:\/\/radiostargjilan.com\/web\/wp-json\/wp\/v2\/types\/post"}],"author":[{"embeddable":true,"href":"https:\/\/radiostargjilan.com\/web\/wp-json\/wp\/v2\/users\/1"}],"replies":[{"embeddable":true,"href":"https:\/\/radiostargjilan.com\/web\/wp-json\/wp\/v2\/comments?post=75504"}],"version-history":[{"count":0,"href":"https:\/\/radiostargjilan.com\/web\/wp-json\/wp\/v2\/posts\/75504\/revisions"}],"wp:featuredmedia":[{"embeddable":true,"href":"https:\/\/radiostargjilan.com\/web\/wp-json\/wp\/v2\/media\/75505"}],"wp:attachment":[{"href":"https:\/\/radiostargjilan.com\/web\/wp-json\/wp\/v2\/media?parent=75504"}],"wp:term":[{"taxonomy":"category","embeddable":true,"href":"https:\/\/radiostargjilan.com\/web\/wp-json\/wp\/v2\/categories?post=75504"},{"taxonomy":"post_tag","embeddable":true,"href":"https:\/\/radiostargjilan.com\/web\/wp-json\/wp\/v2\/tags?post=75504"}],"curies":[{"name":"wp","href":"https:\/\/api.w.org\/{rel}","templated":true}]}}