{"id":75720,"date":"2021-03-10T09:03:06","date_gmt":"2021-03-10T09:03:06","guid":{"rendered":"https:\/\/radiostargjilan.com\/web\/?p=75720"},"modified":"2021-03-10T09:03:06","modified_gmt":"2021-03-10T09:03:06","slug":"spanjollet-nisin-me-provokime-federata-e-futbollit-kosoves-i-referohen-si-territori-i-kosoves","status":"publish","type":"post","link":"https:\/\/radiostargjilan.com\/web\/spanjollet-nisin-me-provokime-federata-e-futbollit-kosoves-i-referohen-si-territori-i-kosoves\/","title":{"rendered":"Spanjoll\u00ebt nisin me provokime, Federata e futbollit Kosov\u00ebs i referohen si \u201cterritori i Kosov\u00ebs\u201d"},"content":{"rendered":"<p>Federata e Futbollit t\u00eb Spanj\u00ebs ka njoftuar se p\u00ebrzgjedh\u00ebsi Luis Enrique m\u00eb 15 mars do t\u00eb shpall\u00eb list\u00ebn p\u00ebr ndeshjet e ardhshme.<\/p>\n<p>Por n\u00eb njoftim, Federata e Futbollit e Spanj\u00ebs nuk ka pasur trajtim t\u00eb barabart\u00eb p\u00ebr Kosov\u00ebn ashtu si p\u00ebr p\u00ebrfaq\u00ebsueset tjera.<\/p>\n<p>Kosov\u00ebs, Federata e Futbollit e Spanj\u00ebs i \u00ebsht\u00eb referuar si \u201cterritori i Kosov\u00ebs\u201d. \u201cSpanja nis rrug\u00ebn p\u00ebr n\u00eb Katari 2022 ndaj Greqis\u00eb, Gjeorgjis\u00eb dhe territorit t\u00eb Kosov\u00ebs\u201d, thuhet n\u00eb njoftimin e Federat\u00ebs s\u00eb Futbollit t\u00eb Spanj\u00ebs.<\/p>\n<p>Kosova \u00ebsht\u00eb e pranuar me t\u00eb drejta t\u00eb plota n\u00eb UEFA e FIFA me emrin zyrtar t\u00eb saj. Por Spanja nuk e njeh shtetin e Kosov\u00ebs dhe tani as ndaj p\u00ebrfaq\u00ebsueses nuk ka pasur qasje si ndaj p\u00ebrfaq\u00ebsueseve tjera.<img loading=\"lazy\" loading=\"lazy\" decoding=\"async\" src=\"https:\/\/radiostargjilan.com\/web\/wp-content\/uploads\/2021\/03\/448F4AAC-351B-4135-8AEE-C1679E20455D.jpeg\" alt=\"\" width=\"680\" height=\"660\" class=\"aligncenter size-full wp-image-75721\" srcset=\"https:\/\/radiostargjilan.com\/web\/wp-content\/uploads\/2021\/03\/448F4AAC-351B-4135-8AEE-C1679E20455D.jpeg 680w, https:\/\/radiostargjilan.com\/web\/wp-content\/uploads\/2021\/03\/448F4AAC-351B-4135-8AEE-C1679E20455D-300x291.jpeg 300w, https:\/\/radiostargjilan.com\/web\/wp-content\/uploads\/2021\/03\/448F4AAC-351B-4135-8AEE-C1679E20455D-600x582.jpeg 600w\" sizes=\"auto, (max-width: 680px) 100vw, 680px\" \/><\/p>\n","protected":false},"excerpt":{"rendered":"<p>Federata e Futbollit t\u00eb Spanj\u00ebs ka njoftuar se p\u00ebrzgjedh\u00ebsi Luis Enrique m\u00eb 15 mars do t\u00eb shpall\u00eb list\u00ebn p\u00ebr ndeshjet e ardhshme. Por n\u00eb njoftim, Federata e Futbollit e Spanj\u00ebs nuk ka pasur trajtim t\u00eb barabart\u00eb p\u00ebr Kosov\u00ebn ashtu si p\u00ebr p\u00ebrfaq\u00ebsueset tjera. Kosov\u00ebs, Federata e Futbollit e Spanj\u00ebs i \u00ebsht\u00eb referuar si \u201cterritori i [&hellip;]<\/p>\n","protected":false},"author":1,"featured_media":75722,"comment_status":"closed","ping_status":"closed","sticky":false,"template":"","format":"standard","meta":{"footnotes":""},"categories":[7],"tags":[],"class_list":{"0":"post-75720","1":"post","2":"type-post","3":"status-publish","4":"format-standard","5":"has-post-thumbnail","7":"category-sports"},"_links":{"self":[{"href":"https:\/\/radiostargjilan.com\/web\/wp-json\/wp\/v2\/posts\/75720","targetHints":{"allow":["GET"]}}],"collection":[{"href":"https:\/\/radiostargjilan.com\/web\/wp-json\/wp\/v2\/posts"}],"about":[{"href":"https:\/\/radiostargjilan.com\/web\/wp-json\/wp\/v2\/types\/post"}],"author":[{"embeddable":true,"href":"https:\/\/radiostargjilan.com\/web\/wp-json\/wp\/v2\/users\/1"}],"replies":[{"embeddable":true,"href":"https:\/\/radiostargjilan.com\/web\/wp-json\/wp\/v2\/comments?post=75720"}],"version-history":[{"count":0,"href":"https:\/\/radiostargjilan.com\/web\/wp-json\/wp\/v2\/posts\/75720\/revisions"}],"wp:featuredmedia":[{"embeddable":true,"href":"https:\/\/radiostargjilan.com\/web\/wp-json\/wp\/v2\/media\/75722"}],"wp:attachment":[{"href":"https:\/\/radiostargjilan.com\/web\/wp-json\/wp\/v2\/media?parent=75720"}],"wp:term":[{"taxonomy":"category","embeddable":true,"href":"https:\/\/radiostargjilan.com\/web\/wp-json\/wp\/v2\/categories?post=75720"},{"taxonomy":"post_tag","embeddable":true,"href":"https:\/\/radiostargjilan.com\/web\/wp-json\/wp\/v2\/tags?post=75720"}],"curies":[{"name":"wp","href":"https:\/\/api.w.org\/{rel}","templated":true}]}}