{"id":75897,"date":"2021-03-12T11:07:34","date_gmt":"2021-03-12T11:07:34","guid":{"rendered":"https:\/\/radiostargjilan.com\/web\/?p=75897"},"modified":"2021-03-12T11:07:34","modified_gmt":"2021-03-12T11:07:34","slug":"policia-jep-detaje-per-arrestimet-e-reja-ne-gjilan-per-subvencione","status":"publish","type":"post","link":"https:\/\/radiostargjilan.com\/web\/policia-jep-detaje-per-arrestimet-e-reja-ne-gjilan-per-subvencione\/","title":{"rendered":"Policia jep detaje p\u00ebr arrestimet e reja n\u00eb Gjilan p\u00ebr subvencione"},"content":{"rendered":"<p>Policia n\u00eb Gjilan ka arrestuar dy persona n\u00eb kuad\u00ebr t\u00eb operacionit \u201cSubvencioni 2021\u201d t\u00eb nisur dy jav\u00eb m\u00eb par\u00eb anemban\u00eb Kosov\u00ebs.<\/p>\n<p>Rreth k\u00ebtij rasti, policia ka dh\u00ebn\u00eb detaje n\u00eb raportin 24 or\u00ebsh.<\/p>\n<p>\u201cJan\u00eb arrestuar dy t\u00eb dyshuar meshkuj kosovar\u00eb t\u00eb cil\u00ebt n\u00eb bashk\u00ebveprim me nj\u00ebri tjetrin kishin vendos\u00eb n\u00eb aplikacion p\u00ebr subvencione parcel\u00ebn e mbjellura me grur\u00eb pa d\u00ebshir\u00ebn e viktim\u00ebs mashkull kosovar.<\/p>\n<p>Dy t\u00eb dyshuarit pas intervistimit me vendim t\u00eb prokurorit jan\u00eb d\u00ebrguar n\u00eb mbajtje\u201d, thuhet n\u00eb njoftim.<\/p>\n","protected":false},"excerpt":{"rendered":"<p>Policia n\u00eb Gjilan ka arrestuar dy persona n\u00eb kuad\u00ebr t\u00eb operacionit \u201cSubvencioni 2021\u201d t\u00eb nisur dy jav\u00eb m\u00eb par\u00eb anemban\u00eb Kosov\u00ebs. Rreth k\u00ebtij rasti, policia ka dh\u00ebn\u00eb detaje n\u00eb raportin 24 or\u00ebsh. \u201cJan\u00eb arrestuar dy t\u00eb dyshuar meshkuj kosovar\u00eb t\u00eb cil\u00ebt n\u00eb bashk\u00ebveprim me nj\u00ebri tjetrin kishin vendos\u00eb n\u00eb aplikacion p\u00ebr subvencione parcel\u00ebn e mbjellura [&hellip;]<\/p>\n","protected":false},"author":1,"featured_media":75898,"comment_status":"closed","ping_status":"closed","sticky":false,"template":"","format":"standard","meta":{"footnotes":""},"categories":[5],"tags":[],"class_list":{"0":"post-75897","1":"post","2":"type-post","3":"status-publish","4":"format-standard","5":"has-post-thumbnail","7":"category-lajme"},"_links":{"self":[{"href":"https:\/\/radiostargjilan.com\/web\/wp-json\/wp\/v2\/posts\/75897","targetHints":{"allow":["GET"]}}],"collection":[{"href":"https:\/\/radiostargjilan.com\/web\/wp-json\/wp\/v2\/posts"}],"about":[{"href":"https:\/\/radiostargjilan.com\/web\/wp-json\/wp\/v2\/types\/post"}],"author":[{"embeddable":true,"href":"https:\/\/radiostargjilan.com\/web\/wp-json\/wp\/v2\/users\/1"}],"replies":[{"embeddable":true,"href":"https:\/\/radiostargjilan.com\/web\/wp-json\/wp\/v2\/comments?post=75897"}],"version-history":[{"count":0,"href":"https:\/\/radiostargjilan.com\/web\/wp-json\/wp\/v2\/posts\/75897\/revisions"}],"wp:featuredmedia":[{"embeddable":true,"href":"https:\/\/radiostargjilan.com\/web\/wp-json\/wp\/v2\/media\/75898"}],"wp:attachment":[{"href":"https:\/\/radiostargjilan.com\/web\/wp-json\/wp\/v2\/media?parent=75897"}],"wp:term":[{"taxonomy":"category","embeddable":true,"href":"https:\/\/radiostargjilan.com\/web\/wp-json\/wp\/v2\/categories?post=75897"},{"taxonomy":"post_tag","embeddable":true,"href":"https:\/\/radiostargjilan.com\/web\/wp-json\/wp\/v2\/tags?post=75897"}],"curies":[{"name":"wp","href":"https:\/\/api.w.org\/{rel}","templated":true}]}}