{"id":76388,"date":"2021-03-16T09:57:32","date_gmt":"2021-03-16T09:57:32","guid":{"rendered":"https:\/\/radiostargjilan.com\/web\/?p=76388"},"modified":"2021-03-16T09:57:32","modified_gmt":"2021-03-16T09:57:32","slug":"glauk-konjufca-do-te-jete-kryetari-i-ri-i-kuvendit","status":"publish","type":"post","link":"https:\/\/radiostargjilan.com\/web\/glauk-konjufca-do-te-jete-kryetari-i-ri-i-kuvendit\/","title":{"rendered":"Glauk Konjufca do t\u00eb jet\u00eb kryetari i ri i Kuvendit!"},"content":{"rendered":"<p>L\u00ebvizja Vet\u00ebvendosje dhe Lista e Vjosa Osmanit tashm\u00eb \u00ebsht\u00eb n\u00eb finalizim t\u00eb ndarjes s\u00eb posteve qeveritare dhe n\u00eb legjislativ.<\/p>\n<p>Indeksonline ka m\u00ebsuar emrin e personit q\u00eb do t\u00eb jet\u00eb \u201cshef\u201d i Kuvendit t\u00eb Kosov\u00ebs. B\u00ebhet fjal\u00eb p\u00ebr Glauk Konjufc\u00ebn, i cili k\u00ebt\u00eb post e kishte \u201cshijuar\u201d p\u00ebr nj\u00eb koh\u00eb t\u00eb shkurt\u00ebr, m\u00eb 26 dhjetor 2019.<br \/>\nNdryshe, Kryesia e Kuvendit ka vendosur sot q\u00eb m\u00eb 22 mars t\u00eb konstituohet Kuvendi i ri.<\/p>\n<p>Seanca konstituive kryesohet nga deputeti m\u00eb i vjet\u00ebr dhe m\u00eb i riu.<\/p>\n<p>N\u00eb rend dite do t\u00eb jen\u00eb:<\/p>\n<p>1. Formimi i Komisionit per verifikimin e mandateve<\/p>\n<p>2. Betimi i deputet\u00ebve<\/p>\n<p>3. Zgjedhja e kryetarit dhe n\u00ebnkryetar\u00ebve t\u00eb Kuvendit.<\/p>\n","protected":false},"excerpt":{"rendered":"<p>L\u00ebvizja Vet\u00ebvendosje dhe Lista e Vjosa Osmanit tashm\u00eb \u00ebsht\u00eb n\u00eb finalizim t\u00eb ndarjes s\u00eb posteve qeveritare dhe n\u00eb legjislativ. Indeksonline ka m\u00ebsuar emrin e personit q\u00eb do t\u00eb jet\u00eb \u201cshef\u201d i Kuvendit t\u00eb Kosov\u00ebs. B\u00ebhet fjal\u00eb p\u00ebr Glauk Konjufc\u00ebn, i cili k\u00ebt\u00eb post e kishte \u201cshijuar\u201d p\u00ebr nj\u00eb koh\u00eb t\u00eb shkurt\u00ebr, m\u00eb 26 dhjetor 2019. [&hellip;]<\/p>\n","protected":false},"author":1,"featured_media":76389,"comment_status":"closed","ping_status":"closed","sticky":false,"template":"","format":"standard","meta":{"footnotes":""},"categories":[5],"tags":[],"class_list":{"0":"post-76388","1":"post","2":"type-post","3":"status-publish","4":"format-standard","5":"has-post-thumbnail","7":"category-lajme"},"_links":{"self":[{"href":"https:\/\/radiostargjilan.com\/web\/wp-json\/wp\/v2\/posts\/76388","targetHints":{"allow":["GET"]}}],"collection":[{"href":"https:\/\/radiostargjilan.com\/web\/wp-json\/wp\/v2\/posts"}],"about":[{"href":"https:\/\/radiostargjilan.com\/web\/wp-json\/wp\/v2\/types\/post"}],"author":[{"embeddable":true,"href":"https:\/\/radiostargjilan.com\/web\/wp-json\/wp\/v2\/users\/1"}],"replies":[{"embeddable":true,"href":"https:\/\/radiostargjilan.com\/web\/wp-json\/wp\/v2\/comments?post=76388"}],"version-history":[{"count":0,"href":"https:\/\/radiostargjilan.com\/web\/wp-json\/wp\/v2\/posts\/76388\/revisions"}],"wp:featuredmedia":[{"embeddable":true,"href":"https:\/\/radiostargjilan.com\/web\/wp-json\/wp\/v2\/media\/76389"}],"wp:attachment":[{"href":"https:\/\/radiostargjilan.com\/web\/wp-json\/wp\/v2\/media?parent=76388"}],"wp:term":[{"taxonomy":"category","embeddable":true,"href":"https:\/\/radiostargjilan.com\/web\/wp-json\/wp\/v2\/categories?post=76388"},{"taxonomy":"post_tag","embeddable":true,"href":"https:\/\/radiostargjilan.com\/web\/wp-json\/wp\/v2\/tags?post=76388"}],"curies":[{"name":"wp","href":"https:\/\/api.w.org\/{rel}","templated":true}]}}