{"id":76391,"date":"2021-03-16T10:03:25","date_gmt":"2021-03-16T10:03:25","guid":{"rendered":"https:\/\/radiostargjilan.com\/web\/?p=76391"},"modified":"2021-03-16T10:03:25","modified_gmt":"2021-03-16T10:03:25","slug":"demi-murtezi-personi-me-aftesi-te-kufizuar-shembull-ne-gjilan-ben-pune-vullnetare","status":"publish","type":"post","link":"https:\/\/radiostargjilan.com\/web\/demi-murtezi-personi-me-aftesi-te-kufizuar-shembull-ne-gjilan-ben-pune-vullnetare\/","title":{"rendered":"Demi-Murtezi: Personi me aft\u00ebsi t\u00eb kufizuar shembull n\u00eb Gjilan, b\u00ebn pun\u00eb vullnetare!"},"content":{"rendered":"<p>Deputetja e L\u00ebvizjes \u201cVet\u00ebvendosje\u201d, Labinot\u00eb Demi-Murtezi ka publikuar disa fotografi t\u00eb nj\u00eb personi vullnetar, me aft\u00ebsi t\u00eb kufizuar, n\u00eb Gjilan.<\/p>\n<p>Sipas saj, ky person kontribuon p\u00ebr past\u00ebrtin\u00eb e qytetit, dhe po ashtu jep shembullin m\u00eb t\u00eb mir\u00eb qytetar p\u00ebr t\u00eb gjith\u00eb. \u201cGjilanasit e njohin, por p\u00ebr ata q\u00eb nuk e njohin ju tregoj se ky \u00ebsht\u00eb Avdil Ibishi, fal\u00eb pun\u00ebs dhe p\u00ebrkushtimit t\u00eb t\u00eb cilit parku i qytetit n\u00eb Gjilan gjithmon\u00eb \u00ebsht\u00eb i past\u00ebr.<\/p>\n<p>Ky zot\u00ebri nuk e refuzon pun\u00ebn, p\u00ebrkund\u00ebr kufizimit sh\u00ebndet\u00ebsor me t\u00eb cilin \u00ebsht\u00eb sprovuar, as nuk viktimizohet e as nuk ofendon. Ka gjetur alternativ\u00eb dhe kontribon p\u00ebr past\u00ebrtin\u00eb e qytetit, dhe poashtu jep shembullin m\u00eb t\u00eb mir\u00eb qytetar p\u00ebr t\u00eb gjith\u00eb ne.<\/p>\n<p>Qytetar\u00ebt p\u00ebrmes politik\u00ebs e organizatave t\u00eb ndryshme t\u00eb shoq\u00ebris\u00eb civile duhet t\u00eb angazhohen p\u00ebr meritokraci e t\u00eb drejta t\u00eb barabarta p\u00ebr t\u00eb gjith\u00eb pa dallim, pa qen\u00eb arrogant\u00eb e pa pritur nj\u00eb dat\u00eb fiktive p\u00ebr t\u00eb b\u00ebr\u00eb nj\u00eb shfaqje\u201d, ka shkruar ajo n\u00eb Facebook<\/p>\n","protected":false},"excerpt":{"rendered":"<p>Deputetja e L\u00ebvizjes \u201cVet\u00ebvendosje\u201d, Labinot\u00eb Demi-Murtezi ka publikuar disa fotografi t\u00eb nj\u00eb personi vullnetar, me aft\u00ebsi t\u00eb kufizuar, n\u00eb Gjilan. Sipas saj, ky person kontribuon p\u00ebr past\u00ebrtin\u00eb e qytetit, dhe po ashtu jep shembullin m\u00eb t\u00eb mir\u00eb qytetar p\u00ebr t\u00eb gjith\u00eb. \u201cGjilanasit e njohin, por p\u00ebr ata q\u00eb nuk e njohin ju tregoj se ky [&hellip;]<\/p>\n","protected":false},"author":1,"featured_media":76392,"comment_status":"closed","ping_status":"closed","sticky":false,"template":"","format":"standard","meta":{"footnotes":""},"categories":[5],"tags":[],"class_list":{"0":"post-76391","1":"post","2":"type-post","3":"status-publish","4":"format-standard","5":"has-post-thumbnail","7":"category-lajme"},"_links":{"self":[{"href":"https:\/\/radiostargjilan.com\/web\/wp-json\/wp\/v2\/posts\/76391","targetHints":{"allow":["GET"]}}],"collection":[{"href":"https:\/\/radiostargjilan.com\/web\/wp-json\/wp\/v2\/posts"}],"about":[{"href":"https:\/\/radiostargjilan.com\/web\/wp-json\/wp\/v2\/types\/post"}],"author":[{"embeddable":true,"href":"https:\/\/radiostargjilan.com\/web\/wp-json\/wp\/v2\/users\/1"}],"replies":[{"embeddable":true,"href":"https:\/\/radiostargjilan.com\/web\/wp-json\/wp\/v2\/comments?post=76391"}],"version-history":[{"count":0,"href":"https:\/\/radiostargjilan.com\/web\/wp-json\/wp\/v2\/posts\/76391\/revisions"}],"wp:featuredmedia":[{"embeddable":true,"href":"https:\/\/radiostargjilan.com\/web\/wp-json\/wp\/v2\/media\/76392"}],"wp:attachment":[{"href":"https:\/\/radiostargjilan.com\/web\/wp-json\/wp\/v2\/media?parent=76391"}],"wp:term":[{"taxonomy":"category","embeddable":true,"href":"https:\/\/radiostargjilan.com\/web\/wp-json\/wp\/v2\/categories?post=76391"},{"taxonomy":"post_tag","embeddable":true,"href":"https:\/\/radiostargjilan.com\/web\/wp-json\/wp\/v2\/tags?post=76391"}],"curies":[{"name":"wp","href":"https:\/\/api.w.org\/{rel}","templated":true}]}}