{"id":76688,"date":"2021-03-18T13:26:58","date_gmt":"2021-03-18T13:26:58","guid":{"rendered":"https:\/\/radiostargjilan.com\/web\/?p=76688"},"modified":"2021-03-18T13:27:18","modified_gmt":"2021-03-18T13:27:18","slug":"familja-e-viktimes-ne-decan-shtron-kallezim-penal-ndaj-prokurorit-agron-uka","status":"publish","type":"post","link":"https:\/\/radiostargjilan.com\/web\/familja-e-viktimes-ne-decan-shtron-kallezim-penal-ndaj-prokurorit-agron-uka\/","title":{"rendered":"Familja e viktim\u00ebs n\u00eb De\u00e7an shtron kall\u00ebzim penal ndaj prokurorit Agron Uka"},"content":{"rendered":"<p>Avokati i familjes Tetaj, Berat Tmava, ka konfirmuar p\u00ebr KOH\u00cbN se sot do t\u00eb dor\u00ebzoj\u00eb n\u00eb Prokurorin\u00eb Speciale kall\u00ebzim penal ndaj prokurorit Agron Uka p\u00ebr si\u00e7 ka th\u00ebn\u00eb, m\u00ebnyr\u00ebn se si e ka trajtuar l\u00ebnd\u00ebn dhe dyshimet p\u00ebr manipulimet me prova e rikualifikimin e vepr\u00ebs penale.<\/p>\n<p>Tmava \u00ebsht\u00eb avokat i familjes Tetaj, an\u00ebtari i s\u00eb cil\u00ebs u vra m\u00eb 2018 n\u00eb De\u00e7an.<\/p>\n<p>I akuzuar p\u00ebr k\u00ebt\u00eb vrasje \u00ebsht\u00eb djali i pronarit t\u00eb firm\u00ebs ku punonte i ndjeri, Agonis Tetaj.<\/p>\n<p>Rasti u kthye n\u00eb v\u00ebmendje t\u00eb publikut t\u00eb m\u00ebrkur\u00ebn, kur i ati i viktim\u00ebs publikoi videon e vrasjes, nd\u00ebrkoh\u00eb q\u00eb u shkroi edhe ambasadave t\u00eb huaja p\u00ebr t\u00eb intervenuar n\u00eb k\u00ebt\u00eb \u00e7\u00ebshtje.<\/p>\n<p>Vepra s\u00eb fundi \u00ebsht\u00eb rikualifikuar nga \u201cvrasje e r\u00ebnd\u00eb\u201d n\u00eb \u201cvrasje nga pakujdesia\u201d, q\u00eb ka \u00e7uar n\u00eb reagim t\u00eb familjes dhe opinionit.<\/p>\n<p>P\u00ebr k\u00ebt\u00eb, sot, kryeprokurori Aleksand\u00ebr Lumezi ia ka marr\u00eb l\u00ebnd\u00ebn prokurorit t\u00eb deritash\u00ebm, Agron Uka, dhe ka th\u00ebn\u00eb se do t\u00eb ricaktoj\u00eb nj\u00eb tjet\u00ebr.<\/p>\n","protected":false},"excerpt":{"rendered":"<p>Avokati i familjes Tetaj, Berat Tmava, ka konfirmuar p\u00ebr KOH\u00cbN se sot do t\u00eb dor\u00ebzoj\u00eb n\u00eb Prokurorin\u00eb Speciale kall\u00ebzim penal ndaj prokurorit Agron Uka p\u00ebr si\u00e7 ka th\u00ebn\u00eb, m\u00ebnyr\u00ebn se si e ka trajtuar l\u00ebnd\u00ebn dhe dyshimet p\u00ebr manipulimet me prova e rikualifikimin e vepr\u00ebs penale. Tmava \u00ebsht\u00eb avokat i familjes Tetaj, an\u00ebtari i s\u00eb [&hellip;]<\/p>\n","protected":false},"author":1,"featured_media":76689,"comment_status":"closed","ping_status":"closed","sticky":false,"template":"","format":"standard","meta":{"footnotes":""},"categories":[5],"tags":[],"class_list":{"0":"post-76688","1":"post","2":"type-post","3":"status-publish","4":"format-standard","5":"has-post-thumbnail","7":"category-lajme"},"_links":{"self":[{"href":"https:\/\/radiostargjilan.com\/web\/wp-json\/wp\/v2\/posts\/76688","targetHints":{"allow":["GET"]}}],"collection":[{"href":"https:\/\/radiostargjilan.com\/web\/wp-json\/wp\/v2\/posts"}],"about":[{"href":"https:\/\/radiostargjilan.com\/web\/wp-json\/wp\/v2\/types\/post"}],"author":[{"embeddable":true,"href":"https:\/\/radiostargjilan.com\/web\/wp-json\/wp\/v2\/users\/1"}],"replies":[{"embeddable":true,"href":"https:\/\/radiostargjilan.com\/web\/wp-json\/wp\/v2\/comments?post=76688"}],"version-history":[{"count":0,"href":"https:\/\/radiostargjilan.com\/web\/wp-json\/wp\/v2\/posts\/76688\/revisions"}],"wp:featuredmedia":[{"embeddable":true,"href":"https:\/\/radiostargjilan.com\/web\/wp-json\/wp\/v2\/media\/76689"}],"wp:attachment":[{"href":"https:\/\/radiostargjilan.com\/web\/wp-json\/wp\/v2\/media?parent=76688"}],"wp:term":[{"taxonomy":"category","embeddable":true,"href":"https:\/\/radiostargjilan.com\/web\/wp-json\/wp\/v2\/categories?post=76688"},{"taxonomy":"post_tag","embeddable":true,"href":"https:\/\/radiostargjilan.com\/web\/wp-json\/wp\/v2\/tags?post=76688"}],"curies":[{"name":"wp","href":"https:\/\/api.w.org\/{rel}","templated":true}]}}