{"id":76998,"date":"2021-03-20T14:18:34","date_gmt":"2021-03-20T14:18:34","guid":{"rendered":"https:\/\/radiostargjilan.com\/web\/?p=76998"},"modified":"2021-03-20T14:18:34","modified_gmt":"2021-03-20T14:18:34","slug":"nuhiu-nuk-arritem-ta-imponojme-lojen-tone","status":"publish","type":"post","link":"https:\/\/radiostargjilan.com\/web\/nuhiu-nuk-arritem-ta-imponojme-lojen-tone\/","title":{"rendered":"Nuhiu: Nuk arrit\u00ebm t\u2019a imponojm\u00eb loj\u00ebn ton\u00eb"},"content":{"rendered":"<p>Ardijan Nuhiu, kryetrajner i Drit\u00ebs deklaroi pas ndeshjes me Drenic\u00ebn:<\/p>\n<p>\u201cE kemi ditur se do t\u00eb jet\u00eb kjo nj\u00eb ndeshje e v\u00ebshtir\u00eb, sikurse q\u00eb e v\u00ebshtir\u00eb do t\u00eb jet\u00eb \u00e7do ndeshje deri n\u00eb fund, ngase kampionati \u00ebsht\u00eb i till\u00eb, ku ka skuadra q\u00eb luftojn\u00eb p\u00ebr titull kampioni dhe skuadra p\u00ebr mbijetes\u00eb. Ne lejuam q\u00eb kund\u00ebrshtari t\u00eb na imponoj\u00eb loj\u00ebn e tyre dhe jo q\u00eb ne ta imponojm\u00eb loj\u00ebn ton\u00eb, nuk ishim mjaftuesh\u00ebm aktiv\u00eb n\u00eb zon\u00ebn e kund\u00ebrshtarit, sidomos n\u00eb zon\u00ebn e par\u00eb. Ishim k\u00ebrkues, ndoshta me pak fat edhe do t\u00eb mund t\u2019a fitonim ndeshjen n\u00eb fund, kurse p\u00ebsuam nga pakujdesia, por jo q\u00eb na rrezikuan shum\u00eb. Nuk dua t\u00eb justifikohem, por mungesat n\u00eb p\u00ebrb\u00ebrje jan\u00eb evidente. N\u00eb \u00e7do ndeshje na mungon ndonj\u00eb futbollist\u00eb, andaj jemi t\u00eb detyruar t\u00eb b\u00ebjm\u00eb ndryshime. Dham\u00eb maksimumin, por mor\u00ebm vet\u00ebm nj\u00eb pik\u00eb\u201d.<\/p>\n","protected":false},"excerpt":{"rendered":"<p>Ardijan Nuhiu, kryetrajner i Drit\u00ebs deklaroi pas ndeshjes me Drenic\u00ebn: \u201cE kemi ditur se do t\u00eb jet\u00eb kjo nj\u00eb ndeshje e v\u00ebshtir\u00eb, sikurse q\u00eb e v\u00ebshtir\u00eb do t\u00eb jet\u00eb \u00e7do ndeshje deri n\u00eb fund, ngase kampionati \u00ebsht\u00eb i till\u00eb, ku ka skuadra q\u00eb luftojn\u00eb p\u00ebr titull kampioni dhe skuadra p\u00ebr mbijetes\u00eb. Ne lejuam q\u00eb kund\u00ebrshtari [&hellip;]<\/p>\n","protected":false},"author":1,"featured_media":76999,"comment_status":"closed","ping_status":"closed","sticky":false,"template":"","format":"standard","meta":{"footnotes":""},"categories":[7],"tags":[],"class_list":{"0":"post-76998","1":"post","2":"type-post","3":"status-publish","4":"format-standard","5":"has-post-thumbnail","7":"category-sports"},"_links":{"self":[{"href":"https:\/\/radiostargjilan.com\/web\/wp-json\/wp\/v2\/posts\/76998","targetHints":{"allow":["GET"]}}],"collection":[{"href":"https:\/\/radiostargjilan.com\/web\/wp-json\/wp\/v2\/posts"}],"about":[{"href":"https:\/\/radiostargjilan.com\/web\/wp-json\/wp\/v2\/types\/post"}],"author":[{"embeddable":true,"href":"https:\/\/radiostargjilan.com\/web\/wp-json\/wp\/v2\/users\/1"}],"replies":[{"embeddable":true,"href":"https:\/\/radiostargjilan.com\/web\/wp-json\/wp\/v2\/comments?post=76998"}],"version-history":[{"count":0,"href":"https:\/\/radiostargjilan.com\/web\/wp-json\/wp\/v2\/posts\/76998\/revisions"}],"wp:featuredmedia":[{"embeddable":true,"href":"https:\/\/radiostargjilan.com\/web\/wp-json\/wp\/v2\/media\/76999"}],"wp:attachment":[{"href":"https:\/\/radiostargjilan.com\/web\/wp-json\/wp\/v2\/media?parent=76998"}],"wp:term":[{"taxonomy":"category","embeddable":true,"href":"https:\/\/radiostargjilan.com\/web\/wp-json\/wp\/v2\/categories?post=76998"},{"taxonomy":"post_tag","embeddable":true,"href":"https:\/\/radiostargjilan.com\/web\/wp-json\/wp\/v2\/tags?post=76998"}],"curies":[{"name":"wp","href":"https:\/\/api.w.org\/{rel}","templated":true}]}}