{"id":77033,"date":"2021-03-20T17:46:14","date_gmt":"2021-03-20T17:46:14","guid":{"rendered":"https:\/\/radiostargjilan.com\/web\/?p=77033"},"modified":"2021-03-20T17:46:14","modified_gmt":"2021-03-20T17:46:14","slug":"ka-nderruar-jete-hamit-aliu-valltari-dhe-kryetari-i-ansamblit-folklorik-bajram-curri","status":"publish","type":"post","link":"https:\/\/radiostargjilan.com\/web\/ka-nderruar-jete-hamit-aliu-valltari-dhe-kryetari-i-ansamblit-folklorik-bajram-curri\/","title":{"rendered":"Ka nd\u00ebrruar jet\u00eb Hamit Aliu valltari dhe kryetari i Ansamblit folklorik \u201cBajram Curri\u201d"},"content":{"rendered":"<p>Pas nj\u00eb s\u00ebmundje t\u00eb r\u00ebnd dhe t\u00eb gjat\u00eb ka vdekur sot n\u00eb mosh\u00ebn 74 vje\u00e7are, Hamit Aliu, kryetari i Ansamblit, \u201c\u2018Bajram Curri\u201d dhe nj\u00eb valltar me em\u00ebr i k\u00ebsaj ane.<\/p>\n<p>Aliu lindi n\u00eb fshatin Shurdhan, me 5 janar 1947. Punoi p\u00ebr shum\u00eb vite m\u00ebsimdh\u00ebn\u00ebs n\u00eb fshatin Shurdhan.<\/p>\n<p>N\u00eb vitin 1970 s\u00eb bashku me nj\u00eb grup entuziast\u00ebsh t\u00eb k\u00ebng\u00ebve dhe valleve burimore t\u00eb k\u00ebsaj ane t\u00eb Karadakut t\u00eb Gjilanit, themeluan Ansamblin e Folklorit Burimor \u201cBajram Curri\u201d n\u00eb fshatin Shurdhan.<\/p>\n<p>Hamit Aliu, valltar, u zgjodh Kryetar i Kuvendit t\u00eb k\u00ebtij Ansambli.<\/p>\n<p>Ai ishte nj\u00eb valltar i njohur i cili i mbeti besnik ansamblit deri m\u00eb sot.<br \/>\nAnsambli n\u00eb themelim kishte seksionin e valleve, k\u00ebng\u00ebve, orkestrin\u00ebn dhe grupin e loj\u00ebrave dim\u00ebrore, t\u00eb barinjve dhe t\u00eb f\u00ebmij\u00ebve.<\/p>\n<p>Si valltar i dalluar, Hamit Aliu njihet p\u00ebr kontributin e dh\u00ebn\u00eb p\u00ebr arritjen e sukseseve t\u00eb ansamblit.<br \/>\nKy Ansamb\u00ebl, prej themelimit e deri m\u00eb tash, ka prezantuar folklorin burimor t\u00eb k\u00ebsaj pjese t\u00eb Kosov\u00ebs, n\u00eb gjith\u00eb Kosov\u00ebn, n\u00eb territorin e ish-Jugosllavis\u00eb, n\u00eb Ballkan e m\u00eb gjer\u00eb.<br \/>\nKrejt k\u00ebto suksese t\u00eb k\u00ebtij ansambli padyshim q\u00eb kan\u00eb vul\u00ebn e kontributit edhe t\u00eb t\u00eb ndjerit Hamit Aliu.<\/p>\n","protected":false},"excerpt":{"rendered":"<p>Pas nj\u00eb s\u00ebmundje t\u00eb r\u00ebnd dhe t\u00eb gjat\u00eb ka vdekur sot n\u00eb mosh\u00ebn 74 vje\u00e7are, Hamit Aliu, kryetari i Ansamblit, \u201c\u2018Bajram Curri\u201d dhe nj\u00eb valltar me em\u00ebr i k\u00ebsaj ane. Aliu lindi n\u00eb fshatin Shurdhan, me 5 janar 1947. Punoi p\u00ebr shum\u00eb vite m\u00ebsimdh\u00ebn\u00ebs n\u00eb fshatin Shurdhan. N\u00eb vitin 1970 s\u00eb bashku me nj\u00eb grup [&hellip;]<\/p>\n","protected":false},"author":1,"featured_media":77034,"comment_status":"closed","ping_status":"closed","sticky":false,"template":"","format":"standard","meta":{"footnotes":""},"categories":[5],"tags":[],"class_list":{"0":"post-77033","1":"post","2":"type-post","3":"status-publish","4":"format-standard","5":"has-post-thumbnail","7":"category-lajme"},"_links":{"self":[{"href":"https:\/\/radiostargjilan.com\/web\/wp-json\/wp\/v2\/posts\/77033","targetHints":{"allow":["GET"]}}],"collection":[{"href":"https:\/\/radiostargjilan.com\/web\/wp-json\/wp\/v2\/posts"}],"about":[{"href":"https:\/\/radiostargjilan.com\/web\/wp-json\/wp\/v2\/types\/post"}],"author":[{"embeddable":true,"href":"https:\/\/radiostargjilan.com\/web\/wp-json\/wp\/v2\/users\/1"}],"replies":[{"embeddable":true,"href":"https:\/\/radiostargjilan.com\/web\/wp-json\/wp\/v2\/comments?post=77033"}],"version-history":[{"count":0,"href":"https:\/\/radiostargjilan.com\/web\/wp-json\/wp\/v2\/posts\/77033\/revisions"}],"wp:featuredmedia":[{"embeddable":true,"href":"https:\/\/radiostargjilan.com\/web\/wp-json\/wp\/v2\/media\/77034"}],"wp:attachment":[{"href":"https:\/\/radiostargjilan.com\/web\/wp-json\/wp\/v2\/media?parent=77033"}],"wp:term":[{"taxonomy":"category","embeddable":true,"href":"https:\/\/radiostargjilan.com\/web\/wp-json\/wp\/v2\/categories?post=77033"},{"taxonomy":"post_tag","embeddable":true,"href":"https:\/\/radiostargjilan.com\/web\/wp-json\/wp\/v2\/tags?post=77033"}],"curies":[{"name":"wp","href":"https:\/\/api.w.org\/{rel}","templated":true}]}}