{"id":77130,"date":"2021-03-21T14:13:04","date_gmt":"2021-03-21T14:13:04","guid":{"rendered":"https:\/\/radiostargjilan.com\/web\/?p=77130"},"modified":"2021-03-21T14:13:04","modified_gmt":"2021-03-21T14:13:04","slug":"kosova-nga-neser-ne-listen-e-zvicres-per-karantinim","status":"publish","type":"post","link":"https:\/\/radiostargjilan.com\/web\/kosova-nga-neser-ne-listen-e-zvicres-per-karantinim\/","title":{"rendered":"Kosova nga nes\u00ebr n\u00eb list\u00ebn e Zvicr\u00ebs p\u00ebr karantinim"},"content":{"rendered":"<p>Zvicra nuk ka vendosur p\u00ebr lirim t\u00eb masave anti-COVID pavar\u00ebsisht parashikimeve, si pasoj\u00eb e rritjes s\u00eb rasteve pozitive. Ky shtet po ashtu ka futur n\u00eb list\u00eb edhe disa vende t\u00eb tjera, banor\u00ebt e t\u00eb cilave p\u00ebr t\u00eb hyr\u00eb n\u00eb Zvic\u00ebr duhet t\u00eb karantinohen. N\u00eb mesin e tyre \u00ebsht\u00eb edhe Kosova. Nd\u00ebrkaq shtetet e tjera p\u00ebrve\u00e7 Kosov\u00ebs q\u00eb jan\u00eb futur n\u00eb list\u00eb p\u00ebr karantinim q\u00eb nga 22 marsi jan\u00eb: Belgjika, Bullgaria, Polonia, Rumania, Hungaria dhe Qipro. Nd\u00ebrkoh\u00eb shtetet evropiane q\u00eb vazhdojn\u00eb t\u00eb mbesin n\u00eb list\u00eb jan\u00eb: Britania e Madhe, Suedia, Lituania, Letonia, Luksemburgu, Holanda, Sllovenia, Republika \u00c7eke, Kroacia, Serbia, Sllovenia, Sllovakia, Maqedonin\u00eb e Veriut, Mali i Zi, San Marino, Monako, Shqip\u00ebria dhe Andorra. Kushdo q\u00eb hyn n\u00eb Zvic\u00ebr nga vendet e vendosura n\u00eb list\u00eb, duhet t\u00eb ket\u00eb nj\u00eb test negativ PCR q\u00eb nuk \u00ebsht\u00eb m\u00eb i vjet\u00ebr se tre dit\u00eb dhe m\u00eb pas t\u2019i n\u00ebnshtrohet karantin\u00ebs p\u00ebr dhjet\u00eb dit\u00eb. Karantina mund t\u00eb p\u00ebrfundoj\u00eb nga dita e shtat\u00eb, n\u00ebse rezultati i testit t\u00eb shpejt\u00eb antigen ose testi PCR \u00ebsht\u00eb negativ.<\/p>\n","protected":false},"excerpt":{"rendered":"<p>Zvicra nuk ka vendosur p\u00ebr lirim t\u00eb masave anti-COVID pavar\u00ebsisht parashikimeve, si pasoj\u00eb e rritjes s\u00eb rasteve pozitive. Ky shtet po ashtu ka futur n\u00eb list\u00eb edhe disa vende t\u00eb tjera, banor\u00ebt e t\u00eb cilave p\u00ebr t\u00eb hyr\u00eb n\u00eb Zvic\u00ebr duhet t\u00eb karantinohen. N\u00eb mesin e tyre \u00ebsht\u00eb edhe Kosova. Nd\u00ebrkaq shtetet e tjera p\u00ebrve\u00e7 [&hellip;]<\/p>\n","protected":false},"author":1,"featured_media":77131,"comment_status":"closed","ping_status":"closed","sticky":false,"template":"","format":"standard","meta":{"footnotes":""},"categories":[5],"tags":[],"class_list":{"0":"post-77130","1":"post","2":"type-post","3":"status-publish","4":"format-standard","5":"has-post-thumbnail","7":"category-lajme"},"_links":{"self":[{"href":"https:\/\/radiostargjilan.com\/web\/wp-json\/wp\/v2\/posts\/77130","targetHints":{"allow":["GET"]}}],"collection":[{"href":"https:\/\/radiostargjilan.com\/web\/wp-json\/wp\/v2\/posts"}],"about":[{"href":"https:\/\/radiostargjilan.com\/web\/wp-json\/wp\/v2\/types\/post"}],"author":[{"embeddable":true,"href":"https:\/\/radiostargjilan.com\/web\/wp-json\/wp\/v2\/users\/1"}],"replies":[{"embeddable":true,"href":"https:\/\/radiostargjilan.com\/web\/wp-json\/wp\/v2\/comments?post=77130"}],"version-history":[{"count":0,"href":"https:\/\/radiostargjilan.com\/web\/wp-json\/wp\/v2\/posts\/77130\/revisions"}],"wp:featuredmedia":[{"embeddable":true,"href":"https:\/\/radiostargjilan.com\/web\/wp-json\/wp\/v2\/media\/77131"}],"wp:attachment":[{"href":"https:\/\/radiostargjilan.com\/web\/wp-json\/wp\/v2\/media?parent=77130"}],"wp:term":[{"taxonomy":"category","embeddable":true,"href":"https:\/\/radiostargjilan.com\/web\/wp-json\/wp\/v2\/categories?post=77130"},{"taxonomy":"post_tag","embeddable":true,"href":"https:\/\/radiostargjilan.com\/web\/wp-json\/wp\/v2\/tags?post=77130"}],"curies":[{"name":"wp","href":"https:\/\/api.w.org\/{rel}","templated":true}]}}