{"id":77140,"date":"2021-03-21T14:44:37","date_gmt":"2021-03-21T14:44:37","guid":{"rendered":"https:\/\/radiostargjilan.com\/web\/?p=77140"},"modified":"2021-03-21T14:44:37","modified_gmt":"2021-03-21T14:44:37","slug":"shkruan-arba-aliu-goditje-e-rradhes-per-simpatizantet-e-ldk-se-ne-regjionin-e-anamoraves","status":"publish","type":"post","link":"https:\/\/radiostargjilan.com\/web\/shkruan-arba-aliu-goditje-e-rradhes-per-simpatizantet-e-ldk-se-ne-regjionin-e-anamoraves\/","title":{"rendered":"Shkruan Arba Aliu: Goditje e rradh\u00ebs p\u00ebr simpatizant\u00ebt e LDK-s\u00eb n\u00eb regjionin e Anamorav\u00ebs?"},"content":{"rendered":"<p>Shkruan:Arba Aliu <\/p>\n<p>A ndihen t\u00eb tradh\u00ebtuar votuesit e LDK-s\u00eb s\u00eb k\u00ebtij regjioni nga kryesia e re e krijuar nga kjo parti? <\/p>\n<p>\u00c7far\u00eb do t\u00eb ndodh tutje?<\/p>\n<p>Pas goditjes s\u00eb par\u00eb nga LDK-ja p\u00ebr mos-zgjedhjen e Lutfi Hazirit si kryetar meritor t\u00eb k\u00ebsaj partie, p\u00ebrkund\u00ebr kontributit t\u00eb madh n\u00eb k\u00ebt\u00eb subjekt, nuk lan\u00eb shum\u00eb koh\u00eb p\u00ebr t&#8217;i dh\u00ebn\u00eb goditjen e rradh\u00ebs k\u00ebtij regjioni.<br \/>\nPas zgjedhjes s\u00eb kryesis s\u00eb e re t\u00eb LDK-s\u00eb, disa persona t\u00eb vjet\u00ebr n\u00eb k\u00ebt\u00eb parti u larguan, e u fut\u00ebn emra t\u00eb rinj\u00eb n\u00eb list\u00eb, disa m\u00eb meritor dhe disa jo, por mbi t\u00eb gjitha Anamorav\u00ebs iu dha viza e kuqe prap.<\/p>\n<p>E vetmja deputete e k\u00ebtij mandati nga partia LDK-s\u00eb, nga regjioni Anamorav\u00ebs znj.Valentina Bunjaku Rexhepi u la jasht\u00eb kryesis\u00eb.<br \/>\nE drejt\u00eb apo jo do t\u00eb shihet n\u00eb dit\u00ebt n\u00eb vazhdim.<br \/>\nFakti q\u00eb deputetja m\u00eb e votuar e k\u00ebsaj partie n\u00eb k\u00ebt\u00eb regjion nuk u fut n\u00eb kryesi, nuk i b\u00ebri p\u00ebrshtypje askujt e sidomos personave n\u00eb krye t\u00eb saj. <\/p>\n<p>M\u00eb t\u00eb irrituarit po ndjehen votuesit e saj t\u00eb cil\u00ebt nuk po e presin mir\u00eb aspak, p\u00ebr shkak se sipas tyre vota \u00ebsht\u00eb besim, e k\u00ebsaj here besimi qytetar iu dha maksimalisht p\u00ebrkund\u00ebr rezultatit t\u00eb dob\u00ebt t\u00eb LDK- s\u00eb znj.Bunjaku, mir\u00ebpo nuk iu dha edhe besimi nga partia e saj, e q\u00eb arsyet qofshin ato partiake ose personale nuk dihen akoma.<\/p>\n<p>Duhet t\u00eb p\u00ebrmendur fakti q\u00eb poashtu znj.Bunjaku para zgjedhjeve t\u00eb kuvendit t\u00eb LDK-s\u00eb kishte dal hapur n\u00eb shfaqjen e p\u00ebrkrahjes p\u00ebr t\u00eb parin e Gjilanit, kryetarin Lutfi Haziri.<\/p>\n<p>A \u00ebsht\u00eb e drejt\u00eb e gjith\u00eb kjo? A duhet t\u00eb nd\u00ebshkohen prap votuesit e k\u00ebsaj partie? A \u00ebsht\u00eb e l\u00ebn\u00eb Anamorava pas dore? <\/p>\n<p>K\u00ebtyre pyetjeve iu takojn\u00eb qytetar\u00ebve, t\u00eb cil\u00ebt presim t&#8217;ju p\u00ebrgjigjen n\u00eb zgjedhjet e radh\u00ebs!<\/p>\n","protected":false},"excerpt":{"rendered":"<p>Shkruan:Arba Aliu A ndihen t\u00eb tradh\u00ebtuar votuesit e LDK-s\u00eb s\u00eb k\u00ebtij regjioni nga kryesia e re e krijuar nga kjo parti? \u00c7far\u00eb do t\u00eb ndodh tutje? Pas goditjes s\u00eb par\u00eb nga LDK-ja p\u00ebr mos-zgjedhjen e Lutfi Hazirit si kryetar meritor t\u00eb k\u00ebsaj partie, p\u00ebrkund\u00ebr kontributit t\u00eb madh n\u00eb k\u00ebt\u00eb subjekt, nuk lan\u00eb shum\u00eb koh\u00eb p\u00ebr [&hellip;]<\/p>\n","protected":false},"author":1,"featured_media":76087,"comment_status":"closed","ping_status":"closed","sticky":false,"template":"","format":"standard","meta":{"footnotes":""},"categories":[5],"tags":[],"class_list":{"0":"post-77140","1":"post","2":"type-post","3":"status-publish","4":"format-standard","5":"has-post-thumbnail","7":"category-lajme"},"_links":{"self":[{"href":"https:\/\/radiostargjilan.com\/web\/wp-json\/wp\/v2\/posts\/77140","targetHints":{"allow":["GET"]}}],"collection":[{"href":"https:\/\/radiostargjilan.com\/web\/wp-json\/wp\/v2\/posts"}],"about":[{"href":"https:\/\/radiostargjilan.com\/web\/wp-json\/wp\/v2\/types\/post"}],"author":[{"embeddable":true,"href":"https:\/\/radiostargjilan.com\/web\/wp-json\/wp\/v2\/users\/1"}],"replies":[{"embeddable":true,"href":"https:\/\/radiostargjilan.com\/web\/wp-json\/wp\/v2\/comments?post=77140"}],"version-history":[{"count":0,"href":"https:\/\/radiostargjilan.com\/web\/wp-json\/wp\/v2\/posts\/77140\/revisions"}],"wp:featuredmedia":[{"embeddable":true,"href":"https:\/\/radiostargjilan.com\/web\/wp-json\/wp\/v2\/media\/76087"}],"wp:attachment":[{"href":"https:\/\/radiostargjilan.com\/web\/wp-json\/wp\/v2\/media?parent=77140"}],"wp:term":[{"taxonomy":"category","embeddable":true,"href":"https:\/\/radiostargjilan.com\/web\/wp-json\/wp\/v2\/categories?post=77140"},{"taxonomy":"post_tag","embeddable":true,"href":"https:\/\/radiostargjilan.com\/web\/wp-json\/wp\/v2\/tags?post=77140"}],"curies":[{"name":"wp","href":"https:\/\/api.w.org\/{rel}","templated":true}]}}