{"id":77288,"date":"2021-03-22T19:19:00","date_gmt":"2021-03-22T19:19:00","guid":{"rendered":"https:\/\/radiostargjilan.com\/web\/?p=77288"},"modified":"2021-03-22T19:19:00","modified_gmt":"2021-03-22T19:19:00","slug":"profili-i-artane-rizvanollit-ministres-se-re-te-ekonomise","status":"publish","type":"post","link":"https:\/\/radiostargjilan.com\/web\/profili-i-artane-rizvanollit-ministres-se-re-te-ekonomise\/","title":{"rendered":"Profili i Artane Rizvanollit, ministres s\u00eb re t\u00eb Ekonomis\u00eb"},"content":{"rendered":"<p>Artane Rizvanolli \u00ebsht\u00eb propozuar nga L\u00ebvizja Vet\u00ebvendosje q\u00eb ta udh\u00ebheq\u00eb Ministrin\u00eb e Ekonomis\u00eb p\u00ebr kat\u00ebr vitet e ardhshme.<\/p>\n<p>Rizvanolli njihet p\u00ebr p\u00ebrvoj\u00ebn e saj n\u00eb fush\u00ebn e ekonomis\u00eb. Pas p\u00ebrfundimit t\u00eb studimeve themeltare, e nj\u00ebjta ka vazhduar studimet Master n\u00eb Ekonomiks p\u00ebr analiz\u00eb biznesi n\u00eb Universitetin Staffordshire n\u00eb Mbret\u00ebrin\u00eb e Bashkuar.<br \/>\nN\u00eb vitin 2012 ka doktoruar n\u00eb fush\u00ebn e Ekonomiksit n\u00eb Universitetin Staffordshire me hulumtimin e fokusuar n\u00eb lidhjen n\u00eb mes kapitalit njer\u00ebzor dhe investimeve t\u00eb huaja direkte n\u00eb ekonomit\u00eb evropiane n\u00eb tranzicion.<\/p>\n<p>Pas angazhimit gjasht\u00ebvje\u00e7ar si hulumtuese n\u00eb Institutin Riinvest, ajo e ka vazhduar pun\u00ebn e saj si hulumtuese dhe k\u00ebshilltare p\u00ebr analiza dhe politika ekonomike n\u00eb kuad\u00ebr t\u00eb organizatave t\u00eb ndryshme kosovare dhe nd\u00ebrkomb\u00ebtare n\u00eb fushat si pun\u00ebsimi, zhvillimi i sektorit privat, efektet e diaspor\u00ebs n\u00eb ekonomi, financat publike.<\/p>\n<p>E nj\u00ebjta nuk ka qen\u00eb pjes\u00eb e list\u00ebs s\u00eb kandidat\u00ebve p\u00ebr deputet\u00eb nga radh\u00ebt e L\u00ebvizjes Vetevendosje n\u00eb zgjedhjet e jasht\u00ebzakonshme parlamentare t\u00eb 14 shkurtit. <\/p>\n","protected":false},"excerpt":{"rendered":"<p>Artane Rizvanolli \u00ebsht\u00eb propozuar nga L\u00ebvizja Vet\u00ebvendosje q\u00eb ta udh\u00ebheq\u00eb Ministrin\u00eb e Ekonomis\u00eb p\u00ebr kat\u00ebr vitet e ardhshme. Rizvanolli njihet p\u00ebr p\u00ebrvoj\u00ebn e saj n\u00eb fush\u00ebn e ekonomis\u00eb. Pas p\u00ebrfundimit t\u00eb studimeve themeltare, e nj\u00ebjta ka vazhduar studimet Master n\u00eb Ekonomiks p\u00ebr analiz\u00eb biznesi n\u00eb Universitetin Staffordshire n\u00eb Mbret\u00ebrin\u00eb e Bashkuar. N\u00eb vitin 2012 ka [&hellip;]<\/p>\n","protected":false},"author":1,"featured_media":77289,"comment_status":"closed","ping_status":"closed","sticky":false,"template":"","format":"standard","meta":{"footnotes":""},"categories":[5],"tags":[],"class_list":{"0":"post-77288","1":"post","2":"type-post","3":"status-publish","4":"format-standard","5":"has-post-thumbnail","7":"category-lajme"},"_links":{"self":[{"href":"https:\/\/radiostargjilan.com\/web\/wp-json\/wp\/v2\/posts\/77288","targetHints":{"allow":["GET"]}}],"collection":[{"href":"https:\/\/radiostargjilan.com\/web\/wp-json\/wp\/v2\/posts"}],"about":[{"href":"https:\/\/radiostargjilan.com\/web\/wp-json\/wp\/v2\/types\/post"}],"author":[{"embeddable":true,"href":"https:\/\/radiostargjilan.com\/web\/wp-json\/wp\/v2\/users\/1"}],"replies":[{"embeddable":true,"href":"https:\/\/radiostargjilan.com\/web\/wp-json\/wp\/v2\/comments?post=77288"}],"version-history":[{"count":0,"href":"https:\/\/radiostargjilan.com\/web\/wp-json\/wp\/v2\/posts\/77288\/revisions"}],"wp:featuredmedia":[{"embeddable":true,"href":"https:\/\/radiostargjilan.com\/web\/wp-json\/wp\/v2\/media\/77289"}],"wp:attachment":[{"href":"https:\/\/radiostargjilan.com\/web\/wp-json\/wp\/v2\/media?parent=77288"}],"wp:term":[{"taxonomy":"category","embeddable":true,"href":"https:\/\/radiostargjilan.com\/web\/wp-json\/wp\/v2\/categories?post=77288"},{"taxonomy":"post_tag","embeddable":true,"href":"https:\/\/radiostargjilan.com\/web\/wp-json\/wp\/v2\/tags?post=77288"}],"curies":[{"name":"wp","href":"https:\/\/api.w.org\/{rel}","templated":true}]}}