{"id":77368,"date":"2021-03-23T20:10:18","date_gmt":"2021-03-23T20:10:18","guid":{"rendered":"https:\/\/radiostargjilan.com\/web\/?p=77368"},"modified":"2021-03-23T20:10:18","modified_gmt":"2021-03-23T20:10:18","slug":"musliu-kercenimi-se-nese-nuk-zgjidhet-vjosa-osmani-presidente-shkojme-ne-zgjedhje-eshte-shantazh","status":"publish","type":"post","link":"https:\/\/radiostargjilan.com\/web\/musliu-kercenimi-se-nese-nuk-zgjidhet-vjosa-osmani-presidente-shkojme-ne-zgjedhje-eshte-shantazh\/","title":{"rendered":"Musliu: K\u00ebrc\u00ebnimi se n\u00ebse nuk zgjidhet Vjosa Osmani presidente shkojm\u00eb n\u00eb zgjedhje \u00ebsht\u00eb shantazh"},"content":{"rendered":"<p>Deputetja e Partis\u00eb Demokratike t\u00eb Kosov\u00ebs, Ganimete Musliu, ka th\u00ebn\u00eb se partia e saj s\u2019ka asnj\u00eb p\u00ebrgjegj\u00ebsi dhe obligim p\u00ebr krijimin e institucioneve t\u00eb reja.<\/p>\n<p>Musliu, p\u00ebrmes nj\u00eb postimi n\u00eb Facebook, ka th\u00ebn\u00eb se \u201c\u00ebsht\u00eb obligim i shumic\u00ebs parlamentare q\u00eb t\u2019i zgjedh Kryeparlamentarin, Kryeministrin dhe Presidentin\u201d. \u201cK\u00ebrc\u00ebnimi se n\u00ebse nuk zgjidhet Vjosa Osmani Presidente shkojm\u00eb n\u00eb zgjedhje t\u00eb reja \u00ebsht\u00eb shantazh\u201d, ka shkruar ajo.<\/p>\n<p>\u201cPartia Demokratike e Kosov\u00ebs nuk shantazhohet.  Shkojm\u00eb n\u00eb zgjedhje kur t\u00eb doni, ama shumica parlamentare duhet t\u00eb mbaj\u00eb p\u00ebrgjegj\u00ebsi n\u00ebse p\u00ebr pazot\u00ebsin\u00eb e saj p\u00ebr t\u00eb  t\u2019i zgjedhur organet shtet\u00ebrore vendi shkon n\u00eb zgjedhje t\u00eb reja\u201d, ka deklaruar deputetja Musliu.<\/p>\n","protected":false},"excerpt":{"rendered":"<p>Deputetja e Partis\u00eb Demokratike t\u00eb Kosov\u00ebs, Ganimete Musliu, ka th\u00ebn\u00eb se partia e saj s\u2019ka asnj\u00eb p\u00ebrgjegj\u00ebsi dhe obligim p\u00ebr krijimin e institucioneve t\u00eb reja. Musliu, p\u00ebrmes nj\u00eb postimi n\u00eb Facebook, ka th\u00ebn\u00eb se \u201c\u00ebsht\u00eb obligim i shumic\u00ebs parlamentare q\u00eb t\u2019i zgjedh Kryeparlamentarin, Kryeministrin dhe Presidentin\u201d. \u201cK\u00ebrc\u00ebnimi se n\u00ebse nuk zgjidhet Vjosa Osmani Presidente shkojm\u00eb [&hellip;]<\/p>\n","protected":false},"author":1,"featured_media":77369,"comment_status":"closed","ping_status":"closed","sticky":false,"template":"","format":"standard","meta":{"footnotes":""},"categories":[5],"tags":[],"class_list":{"0":"post-77368","1":"post","2":"type-post","3":"status-publish","4":"format-standard","5":"has-post-thumbnail","7":"category-lajme"},"_links":{"self":[{"href":"https:\/\/radiostargjilan.com\/web\/wp-json\/wp\/v2\/posts\/77368","targetHints":{"allow":["GET"]}}],"collection":[{"href":"https:\/\/radiostargjilan.com\/web\/wp-json\/wp\/v2\/posts"}],"about":[{"href":"https:\/\/radiostargjilan.com\/web\/wp-json\/wp\/v2\/types\/post"}],"author":[{"embeddable":true,"href":"https:\/\/radiostargjilan.com\/web\/wp-json\/wp\/v2\/users\/1"}],"replies":[{"embeddable":true,"href":"https:\/\/radiostargjilan.com\/web\/wp-json\/wp\/v2\/comments?post=77368"}],"version-history":[{"count":0,"href":"https:\/\/radiostargjilan.com\/web\/wp-json\/wp\/v2\/posts\/77368\/revisions"}],"wp:featuredmedia":[{"embeddable":true,"href":"https:\/\/radiostargjilan.com\/web\/wp-json\/wp\/v2\/media\/77369"}],"wp:attachment":[{"href":"https:\/\/radiostargjilan.com\/web\/wp-json\/wp\/v2\/media?parent=77368"}],"wp:term":[{"taxonomy":"category","embeddable":true,"href":"https:\/\/radiostargjilan.com\/web\/wp-json\/wp\/v2\/categories?post=77368"},{"taxonomy":"post_tag","embeddable":true,"href":"https:\/\/radiostargjilan.com\/web\/wp-json\/wp\/v2\/tags?post=77368"}],"curies":[{"name":"wp","href":"https:\/\/api.w.org\/{rel}","templated":true}]}}