{"id":77586,"date":"2021-03-25T16:10:28","date_gmt":"2021-03-25T16:10:28","guid":{"rendered":"https:\/\/radiostargjilan.com\/web\/?p=77586"},"modified":"2021-03-25T16:10:28","modified_gmt":"2021-03-25T16:10:28","slug":"edi-rama-nga-rinasi-qe-nga-neser-marrim-persiper-vaksinimin-e-11-mije-mjekeve-te-kosoves","status":"publish","type":"post","link":"https:\/\/radiostargjilan.com\/web\/edi-rama-nga-rinasi-qe-nga-neser-marrim-persiper-vaksinimin-e-11-mije-mjekeve-te-kosoves\/","title":{"rendered":"Edi Rama nga Rinasi: Q\u00eb nga nes\u00ebr marrim p\u00ebrsip\u00ebr vaksinimin e 11 mij\u00eb mjek\u00ebve t\u00eb Kosov\u00ebs"},"content":{"rendered":"<p>Gjat\u00eb konferenc\u00ebs p\u00ebr mediat nga aeroporti i Rinasit, kryeministri Edi Rama ka b\u00ebr\u00eb s\u00ebrish thirrje p\u00ebr vaksinimin e t\u00eb gjith\u00eb bluzave t\u00eb bardha n\u00eb Kosov\u00eb.<\/p>\n<p>Rama ka theksuar se duke filluar nga nes\u00ebr ato marrin p\u00ebrsip\u00ebr vaksinimin e 11 mij\u00eb punonj\u00ebsve sh\u00ebndet\u00ebsor\u00eb t\u00eb Kosov\u00ebs. \u201cBrenda pranver\u00ebs s\u00eb ardhshme ne duam q\u00eb t\u00eb kemi vaksinuar t\u00eb gjith\u00eb popullsin\u00eb e vaksinueshme pasi foshnjat nuk vaksinohen. Ne duam q\u00eb t\u00eb gjith\u00eb s\u00eb bashku t\u00eb mbyllim k\u00ebt\u00eb luft\u00eb.<\/p>\n<p>Ne sot kemi mund\u00ebsi q\u00eb t\u00eb japim nj\u00eb mesazh t\u00eb drejtp\u00ebrdrejt\u00eb Kosov\u00ebs q\u00eb ne jemi gati menj\u00ebher\u00eb q\u00eb nes\u00ebr t\u00eb marrim p\u00ebrsip\u00ebr vaksinimin e 11 mij\u00eb punonj\u00ebsve t\u00eb sh\u00ebndet\u00ebsis\u00eb n\u00eb Kosov\u00eb. Duke pasur parasysh ardhjen e tyre n\u00eb Kuk\u00ebs ne jemi gati q\u00eb t\u00eb vaksinojm\u00eb t\u00eb gjith\u00eb.<\/p>\n<p>N\u00ebse ata duan t\u00eb organizojn\u00eb procesin dhe vijn\u00eb m\u00eb shpejt n\u00eb Kuk\u00ebs, s\u2019ka problem, mund t\u00eb b\u00ebhet n\u00eb nj\u00eb koh\u00eb m\u00eb t\u00eb shpejt\u00eb\u201d, ka th\u00ebn\u00eb Rama.<\/p>\n","protected":false},"excerpt":{"rendered":"<p>Gjat\u00eb konferenc\u00ebs p\u00ebr mediat nga aeroporti i Rinasit, kryeministri Edi Rama ka b\u00ebr\u00eb s\u00ebrish thirrje p\u00ebr vaksinimin e t\u00eb gjith\u00eb bluzave t\u00eb bardha n\u00eb Kosov\u00eb. Rama ka theksuar se duke filluar nga nes\u00ebr ato marrin p\u00ebrsip\u00ebr vaksinimin e 11 mij\u00eb punonj\u00ebsve sh\u00ebndet\u00ebsor\u00eb t\u00eb Kosov\u00ebs. \u201cBrenda pranver\u00ebs s\u00eb ardhshme ne duam q\u00eb t\u00eb kemi vaksinuar t\u00eb [&hellip;]<\/p>\n","protected":false},"author":1,"featured_media":77587,"comment_status":"closed","ping_status":"closed","sticky":false,"template":"","format":"standard","meta":{"footnotes":""},"categories":[5],"tags":[],"class_list":{"0":"post-77586","1":"post","2":"type-post","3":"status-publish","4":"format-standard","5":"has-post-thumbnail","7":"category-lajme"},"_links":{"self":[{"href":"https:\/\/radiostargjilan.com\/web\/wp-json\/wp\/v2\/posts\/77586","targetHints":{"allow":["GET"]}}],"collection":[{"href":"https:\/\/radiostargjilan.com\/web\/wp-json\/wp\/v2\/posts"}],"about":[{"href":"https:\/\/radiostargjilan.com\/web\/wp-json\/wp\/v2\/types\/post"}],"author":[{"embeddable":true,"href":"https:\/\/radiostargjilan.com\/web\/wp-json\/wp\/v2\/users\/1"}],"replies":[{"embeddable":true,"href":"https:\/\/radiostargjilan.com\/web\/wp-json\/wp\/v2\/comments?post=77586"}],"version-history":[{"count":0,"href":"https:\/\/radiostargjilan.com\/web\/wp-json\/wp\/v2\/posts\/77586\/revisions"}],"wp:featuredmedia":[{"embeddable":true,"href":"https:\/\/radiostargjilan.com\/web\/wp-json\/wp\/v2\/media\/77587"}],"wp:attachment":[{"href":"https:\/\/radiostargjilan.com\/web\/wp-json\/wp\/v2\/media?parent=77586"}],"wp:term":[{"taxonomy":"category","embeddable":true,"href":"https:\/\/radiostargjilan.com\/web\/wp-json\/wp\/v2\/categories?post=77586"},{"taxonomy":"post_tag","embeddable":true,"href":"https:\/\/radiostargjilan.com\/web\/wp-json\/wp\/v2\/tags?post=77586"}],"curies":[{"name":"wp","href":"https:\/\/api.w.org\/{rel}","templated":true}]}}