{"id":77680,"date":"2021-03-26T17:51:12","date_gmt":"2021-03-26T17:51:12","guid":{"rendered":"https:\/\/radiostargjilan.com\/web\/?p=77680"},"modified":"2021-03-26T17:51:12","modified_gmt":"2021-03-26T17:51:12","slug":"kryeministri-kurti-merr-persiper-varrimin-e-aktorit-rasim-thaci-cima","status":"publish","type":"post","link":"https:\/\/radiostargjilan.com\/web\/kryeministri-kurti-merr-persiper-varrimin-e-aktorit-rasim-thaci-cima\/","title":{"rendered":"Kryeministri Kurti merr p\u00ebrsip\u00ebr varrimin e aktorit Rasim Tha\u00e7i \u2013 Cima"},"content":{"rendered":"<p>Me vdekjen e aktorit t\u00eb madh Rasim Tha\u00e7i- Cima, familja e t\u00eb ndjerit kan\u00eb informuar se me iniciativ\u00eb t\u00eb Kryeministrit Albin Kurti dhe organizim t\u00eb Ministrit t\u00eb Kultur\u00ebs, zHajrullah \u00c7eku, nes\u00ebr, me 27 Mars, n\u00eb Teatrin Komb\u00ebtar\u00eb t\u00eb Kosov\u00ebs, duke filluar nga ora 9:00, do t\u00eb b\u00ebhen homazhe p\u00ebr Artistin Rasim Thaqi CIMA, thuhet n\u00eb njoftimin e familjes Tha\u00e7i.<\/p>\n<p>Nd\u00ebr t\u00eb tjera familja Tha\u00e7i ka fal\u00ebnderuar Kryeministrin dhe Ministrin e Kultur\u00ebs, si dhe komunitetin Artistik q\u00eb jan\u00eb mobilizuar, q\u00eb qytetar\u00ebt e Prishtin\u00ebs dhe vendit, t\u00eb ken\u00eb mund\u00ebsin\u00eb publike p\u00ebr homazhe.<img loading=\"lazy\" loading=\"lazy\" decoding=\"async\" src=\"https:\/\/radiostargjilan.com\/web\/wp-content\/uploads\/2021\/03\/3BC2F6F6-9BFF-4AAE-BAA9-F2C941AC649E.jpeg\" alt=\"\" width=\"504\" height=\"332\" class=\"aligncenter size-full wp-image-77681\" srcset=\"https:\/\/radiostargjilan.com\/web\/wp-content\/uploads\/2021\/03\/3BC2F6F6-9BFF-4AAE-BAA9-F2C941AC649E.jpeg 504w, https:\/\/radiostargjilan.com\/web\/wp-content\/uploads\/2021\/03\/3BC2F6F6-9BFF-4AAE-BAA9-F2C941AC649E-300x198.jpeg 300w\" sizes=\"auto, (max-width: 504px) 100vw, 504px\" \/><\/p>\n","protected":false},"excerpt":{"rendered":"<p>Me vdekjen e aktorit t\u00eb madh Rasim Tha\u00e7i- Cima, familja e t\u00eb ndjerit kan\u00eb informuar se me iniciativ\u00eb t\u00eb Kryeministrit Albin Kurti dhe organizim t\u00eb Ministrit t\u00eb Kultur\u00ebs, zHajrullah \u00c7eku, nes\u00ebr, me 27 Mars, n\u00eb Teatrin Komb\u00ebtar\u00eb t\u00eb Kosov\u00ebs, duke filluar nga ora 9:00, do t\u00eb b\u00ebhen homazhe p\u00ebr Artistin Rasim Thaqi CIMA, thuhet n\u00eb [&hellip;]<\/p>\n","protected":false},"author":1,"featured_media":77682,"comment_status":"closed","ping_status":"closed","sticky":false,"template":"","format":"standard","meta":{"footnotes":""},"categories":[5],"tags":[],"class_list":{"0":"post-77680","1":"post","2":"type-post","3":"status-publish","4":"format-standard","5":"has-post-thumbnail","7":"category-lajme"},"_links":{"self":[{"href":"https:\/\/radiostargjilan.com\/web\/wp-json\/wp\/v2\/posts\/77680","targetHints":{"allow":["GET"]}}],"collection":[{"href":"https:\/\/radiostargjilan.com\/web\/wp-json\/wp\/v2\/posts"}],"about":[{"href":"https:\/\/radiostargjilan.com\/web\/wp-json\/wp\/v2\/types\/post"}],"author":[{"embeddable":true,"href":"https:\/\/radiostargjilan.com\/web\/wp-json\/wp\/v2\/users\/1"}],"replies":[{"embeddable":true,"href":"https:\/\/radiostargjilan.com\/web\/wp-json\/wp\/v2\/comments?post=77680"}],"version-history":[{"count":0,"href":"https:\/\/radiostargjilan.com\/web\/wp-json\/wp\/v2\/posts\/77680\/revisions"}],"wp:featuredmedia":[{"embeddable":true,"href":"https:\/\/radiostargjilan.com\/web\/wp-json\/wp\/v2\/media\/77682"}],"wp:attachment":[{"href":"https:\/\/radiostargjilan.com\/web\/wp-json\/wp\/v2\/media?parent=77680"}],"wp:term":[{"taxonomy":"category","embeddable":true,"href":"https:\/\/radiostargjilan.com\/web\/wp-json\/wp\/v2\/categories?post=77680"},{"taxonomy":"post_tag","embeddable":true,"href":"https:\/\/radiostargjilan.com\/web\/wp-json\/wp\/v2\/tags?post=77680"}],"curies":[{"name":"wp","href":"https:\/\/api.w.org\/{rel}","templated":true}]}}