{"id":77741,"date":"2021-03-27T09:24:20","date_gmt":"2021-03-27T09:24:20","guid":{"rendered":"https:\/\/radiostargjilan.com\/web\/?p=77741"},"modified":"2021-03-27T09:24:20","modified_gmt":"2021-03-27T09:24:20","slug":"%e2%80%8bedhe-200-mjeke-kosovare-do-te-marrin-sot-vaksinat-anti-covid-ne-kukes","status":"publish","type":"post","link":"https:\/\/radiostargjilan.com\/web\/%e2%80%8bedhe-200-mjeke-kosovare-do-te-marrin-sot-vaksinat-anti-covid-ne-kukes\/","title":{"rendered":"\u200bEdhe 200 mjek\u00eb kosovar\u00eb do t\u00eb marrin sot vaksinat anti-Covid n\u00eb Kuk\u00ebs"},"content":{"rendered":"<p>Edhe 200 mjek\u00eb t\u00eb Kosov\u00ebs sot do t\u00eb udh\u00ebtojn\u00eb p\u00ebr n\u00eb Kuk\u00ebs p\u00ebr t\u00eb marr doz\u00ebn e par\u00eb t\u00eb vaksin\u00ebs anti-COVID.<\/p>\n<p>K\u00ebt\u00eb lajm e ka konfirmuar kryetari i Federat\u00ebs Sindikale t\u00eb Sh\u00ebndet\u00ebsis\u00eb s\u00eb Kosov\u00ebs, Blerim Syla.<\/p>\n<p>Ai ka th\u00ebn\u00eb se 250 mjek\u00ebt q\u00eb u vaksinuan t\u00eb shtun\u00ebn e kaluar jan\u00eb mir\u00eb me sh\u00ebndet dhe se nuk kan\u00eb pasur ndonj\u00eb problem t\u00eb theksuar, p\u00ebrpos reaksioneve normale.<\/p>\n<p>\u201cNes\u00ebr p\u00ebr n\u00eb Kuk\u00ebs do t\u00eb udh\u00ebtojn\u00eb edhe 200 mantelbardh\u00eb p\u00ebr t\u00eb marr\u00eb doz\u00ebn e par\u00eb t\u00eb vaksin\u00ebs anti-Covid. Mjek\u00ebt q\u00eb u vaksinuan jav\u00ebn e kaluar jan\u00eb t\u00eb gjith\u00eb mir\u00eb. Nuk kan\u00eb pasur ndonj\u00eb problem t\u00eb theksuar, p\u00ebrvec reaksioneve normale\u201d, ka th\u00ebn\u00eb Syla.<\/p>\n<p>P\u00ebr shkak se Kosova ende nuk ka arritur t\u00eb siguroj\u00eb dozat e para t\u00eb vaksin\u00ebs, qeveria e Shqip\u00ebris\u00eb ka ofruar mb\u00ebshtetje.<\/p>\n<p>Vaksinimi b\u00ebhet n\u00eb Kuk\u00ebs p\u00ebr shkak se kompanit\u00eb q\u00eb prodhojn\u00eb vaksin\u00ebn nuk lejojn\u00eb q\u00eb ajo t\u00eb nxirret jasht\u00eb vendit t\u00eb kontraktuar.<\/p>\n<p>Kosova \u00ebsht\u00eb i vetmi vend n\u00eb Evrop\u00eb q\u00eb nuk ka filluar nj\u00eb program vaksinimi.<\/p>\n<p>Kryeministri Edi Rama \u00ebsht\u00eb zotuar se Shqip\u00ebria do t\u00eb marr\u00eb p\u00ebrsip\u00ebr vaksinimin e t\u00eb gjith\u00eb mjek\u00ebve kosovar\u00eb, q\u00eb jan\u00eb rre 11 mij\u00eb n\u00eb total.<\/p>\n","protected":false},"excerpt":{"rendered":"<p>Edhe 200 mjek\u00eb t\u00eb Kosov\u00ebs sot do t\u00eb udh\u00ebtojn\u00eb p\u00ebr n\u00eb Kuk\u00ebs p\u00ebr t\u00eb marr doz\u00ebn e par\u00eb t\u00eb vaksin\u00ebs anti-COVID. K\u00ebt\u00eb lajm e ka konfirmuar kryetari i Federat\u00ebs Sindikale t\u00eb Sh\u00ebndet\u00ebsis\u00eb s\u00eb Kosov\u00ebs, Blerim Syla. Ai ka th\u00ebn\u00eb se 250 mjek\u00ebt q\u00eb u vaksinuan t\u00eb shtun\u00ebn e kaluar jan\u00eb mir\u00eb me sh\u00ebndet dhe se [&hellip;]<\/p>\n","protected":false},"author":1,"featured_media":77363,"comment_status":"closed","ping_status":"closed","sticky":false,"template":"","format":"standard","meta":{"footnotes":""},"categories":[5],"tags":[],"class_list":{"0":"post-77741","1":"post","2":"type-post","3":"status-publish","4":"format-standard","5":"has-post-thumbnail","7":"category-lajme"},"_links":{"self":[{"href":"https:\/\/radiostargjilan.com\/web\/wp-json\/wp\/v2\/posts\/77741","targetHints":{"allow":["GET"]}}],"collection":[{"href":"https:\/\/radiostargjilan.com\/web\/wp-json\/wp\/v2\/posts"}],"about":[{"href":"https:\/\/radiostargjilan.com\/web\/wp-json\/wp\/v2\/types\/post"}],"author":[{"embeddable":true,"href":"https:\/\/radiostargjilan.com\/web\/wp-json\/wp\/v2\/users\/1"}],"replies":[{"embeddable":true,"href":"https:\/\/radiostargjilan.com\/web\/wp-json\/wp\/v2\/comments?post=77741"}],"version-history":[{"count":0,"href":"https:\/\/radiostargjilan.com\/web\/wp-json\/wp\/v2\/posts\/77741\/revisions"}],"wp:featuredmedia":[{"embeddable":true,"href":"https:\/\/radiostargjilan.com\/web\/wp-json\/wp\/v2\/media\/77363"}],"wp:attachment":[{"href":"https:\/\/radiostargjilan.com\/web\/wp-json\/wp\/v2\/media?parent=77741"}],"wp:term":[{"taxonomy":"category","embeddable":true,"href":"https:\/\/radiostargjilan.com\/web\/wp-json\/wp\/v2\/categories?post=77741"},{"taxonomy":"post_tag","embeddable":true,"href":"https:\/\/radiostargjilan.com\/web\/wp-json\/wp\/v2\/tags?post=77741"}],"curies":[{"name":"wp","href":"https:\/\/api.w.org\/{rel}","templated":true}]}}