{"id":77867,"date":"2021-03-28T13:00:08","date_gmt":"2021-03-28T13:00:08","guid":{"rendered":"https:\/\/radiostargjilan.com\/web\/?p=77867"},"modified":"2021-03-28T13:00:08","modified_gmt":"2021-03-28T13:00:08","slug":"unicef-i-sjell-kontingjentin-e-pare-te-vaksinave-ne-kosove-thote-se-asnje-vend-nuk-do-te-lihet-prapa","status":"publish","type":"post","link":"https:\/\/radiostargjilan.com\/web\/unicef-i-sjell-kontingjentin-e-pare-te-vaksinave-ne-kosove-thote-se-asnje-vend-nuk-do-te-lihet-prapa\/","title":{"rendered":"UNICEF-i sjell kontingjentin e par\u00eb t\u00eb vaksinave n\u00eb Kosov\u00eb, thot\u00eb se asnj\u00eb vend nuk do t\u00eb lihet prapa"},"content":{"rendered":"<p>Fondi Nd\u00ebrkomb\u00ebtar i Emergjencave t\u00eb F\u00ebmij\u00ebve t\u00eb Kombeve t\u00eb Bashkuara (UNICEF), programi n\u00eb Kosov\u00eb, ka b\u00ebr\u00eb t\u00eb ditur se jan\u00eb duke bashk\u00ebpunuar me partner\u00ebt e tyre p\u00ebr furnizimin e vaksinave n\u00eb mbar\u00eb bot\u00ebn. <\/p>\n<p>UNICEF-i thot\u00eb se s\u00ebmundja COVID-19 \u00ebsht\u00eb problem global, nd\u00ebrsa COVAX-i \u00ebsht\u00eb zgjidhja e k\u00ebtij problemi.<\/p>\n<p>\u201cCOVID-19 \u00ebsht\u00eb nj\u00eb problem global dhe COVAX-i \u00ebsht\u00eb zgjidhja globale. Vaksinimi i bot\u00ebs kund\u00ebr k\u00ebsaj s\u00ebmundjeje do t\u00eb jet\u00eb operacioni m\u00eb i madh i prokurimit dhe furnizimit t\u00eb vaksinave n\u00eb histori\u201d, thekson UNICEF-i p\u00ebrmes nj\u00eb deklarate n\u00eb Twitter. <\/p>\n<p>UNICEF-i thekson se jan\u00eb duke punuar efektivisht duke u munduar q\u00eb mos ta l\u00ebn\u00eb asnj\u00eb vend mbrapa.<\/p>\n<p>\u201cUNICEF-i, Bashkimi Evropian n\u00eb Kosov\u00eb, si dhe partner\u00ebt tan\u00eb, SHBA-ja, Gjermania, Britania e Madhe, Italia dhe Franca, jan\u00eb duke punuar gjat\u00eb gjith\u00eb koh\u00ebs p\u00ebr t\u00eb siguruar q\u00eb asnj\u00eb vend t\u00eb mos mbetet prapa\u201d, ka theksuar programi i UNICEF-it p\u00ebr Kosov\u00eb. <\/p>\n<p>Kujtojm\u00eb se sot n\u00eb or\u00ebn 20:15, n\u00eb aeroportin nd\u00ebrkomb\u00ebtar t\u00eb Prishtin\u00ebs pritet t\u00eb arrijn\u00eb dozat e para t\u00eb vaksin\u00ebs anti-COVID, prodhim i \u201cAstraZeneca\u201d. K\u00ebto vaksina jan\u00eb mund\u00ebsuar nga organizata UNICEF, n\u00ebp\u00ebrmjet programit COVAX. \/Z\u00ebri\/<\/p>\n","protected":false},"excerpt":{"rendered":"<p>Fondi Nd\u00ebrkomb\u00ebtar i Emergjencave t\u00eb F\u00ebmij\u00ebve t\u00eb Kombeve t\u00eb Bashkuara (UNICEF), programi n\u00eb Kosov\u00eb, ka b\u00ebr\u00eb t\u00eb ditur se jan\u00eb duke bashk\u00ebpunuar me partner\u00ebt e tyre p\u00ebr furnizimin e vaksinave n\u00eb mbar\u00eb bot\u00ebn. UNICEF-i thot\u00eb se s\u00ebmundja COVID-19 \u00ebsht\u00eb problem global, nd\u00ebrsa COVAX-i \u00ebsht\u00eb zgjidhja e k\u00ebtij problemi. \u201cCOVID-19 \u00ebsht\u00eb nj\u00eb problem global dhe COVAX-i [&hellip;]<\/p>\n","protected":false},"author":1,"featured_media":77868,"comment_status":"closed","ping_status":"closed","sticky":false,"template":"","format":"standard","meta":{"footnotes":""},"categories":[5],"tags":[],"class_list":{"0":"post-77867","1":"post","2":"type-post","3":"status-publish","4":"format-standard","5":"has-post-thumbnail","7":"category-lajme"},"_links":{"self":[{"href":"https:\/\/radiostargjilan.com\/web\/wp-json\/wp\/v2\/posts\/77867","targetHints":{"allow":["GET"]}}],"collection":[{"href":"https:\/\/radiostargjilan.com\/web\/wp-json\/wp\/v2\/posts"}],"about":[{"href":"https:\/\/radiostargjilan.com\/web\/wp-json\/wp\/v2\/types\/post"}],"author":[{"embeddable":true,"href":"https:\/\/radiostargjilan.com\/web\/wp-json\/wp\/v2\/users\/1"}],"replies":[{"embeddable":true,"href":"https:\/\/radiostargjilan.com\/web\/wp-json\/wp\/v2\/comments?post=77867"}],"version-history":[{"count":0,"href":"https:\/\/radiostargjilan.com\/web\/wp-json\/wp\/v2\/posts\/77867\/revisions"}],"wp:featuredmedia":[{"embeddable":true,"href":"https:\/\/radiostargjilan.com\/web\/wp-json\/wp\/v2\/media\/77868"}],"wp:attachment":[{"href":"https:\/\/radiostargjilan.com\/web\/wp-json\/wp\/v2\/media?parent=77867"}],"wp:term":[{"taxonomy":"category","embeddable":true,"href":"https:\/\/radiostargjilan.com\/web\/wp-json\/wp\/v2\/categories?post=77867"},{"taxonomy":"post_tag","embeddable":true,"href":"https:\/\/radiostargjilan.com\/web\/wp-json\/wp\/v2\/tags?post=77867"}],"curies":[{"name":"wp","href":"https:\/\/api.w.org\/{rel}","templated":true}]}}